{"id":98060,"date":"2007-11-07T18:51:31","date_gmt":"2007-11-07T18:51:31","guid":{"rendered":"http:\/\/localhost\/wordpress\/?p=98060"},"modified":"2008-03-28T18:52:48","modified_gmt":"2008-03-28T17:52:48","slug":"trop-de-la-hype","status":"publish","type":"post","link":"https:\/\/www.monblogdefille.com\/blog\/trop-de-la-hype\/","title":{"rendered":"Trop de la hype"},"content":{"rendered":"<p class=\"MsoNormal\"><img loading=\"lazy\" decoding=\"async\" src=\"wp-content\/themes\/default\/images\/hype_elle.jpg\" align=\"right\" border=\"0\" height=\"250\" width=\"188\" \/><span style=\"font-size: 10pt; font-family: Arial\">Dans le Elle de cette semaine, un Sp\u00e9cial Beaut\u00e9 que je d\u00e9cortique de la premi\u00e8re \u00e0 la derni\u00e8re page quitte \u00e0 me coucher \u00e0 onze heures au lieu de neuf comme le veut<br \/>\nmon hibernation actuelle, il est \u00e9crit diverses choses dont je d\u00e9duis que nous<br \/>\nsommes grave tendance : les ongles se portent d\u00e9sormais <u><a href=\"http:\/\/monblogdefille.mabulle.com\/index.php\/2007\/08\/14\/81496-mavala-my-lova\" target=\"_blank\" rel=\"noopener\">en amande<\/a><\/u> et non plus carr\u00e9s (page 169), le <u><a href=\"http:\/\/monblogdefille.mabulle.com\/index.php\/2007\/10\/01\/90500-a-la-recherche-du-bleu-ardoise-perdu\" target=\"_blank\" rel=\"noopener\">bleu<\/a><\/u> est le it fard \u00e0 paupi\u00e8re de l\u2019hiver (page 199), la <u><a href=\"http:\/\/monblogdefille.mabulle.com\/index.php\/2007\/10\/31\/96295-pourquoi-les-japonaises-se-nettoient-la-figure-apres-le-demaquillage-et-pas-les-francaises-par-lilo#co\" target=\"_blank\" rel=\"noopener\">boutique Canzi du Marais<\/a><\/u> est recommand\u00e9e pour fabriquer sa cr\u00e8me soi-m\u00eame (page 104), et le <u><a href=\"http:\/\/monblogdefille.mabulle.com\/index.php\/2007\/04\/19\/57772-killing-poils\" target=\"_blank\" rel=\"noopener\">laser<\/a><\/u> est reconnu seul moyen d\u2019\u00e9radiquer le poil pour de bon (page 186).<br \/>\nMoi je dis, on est trop de la hype les girls.<\/span><\/p>\n","protected":false},"excerpt":{"rendered":"<p>Dans le Elle de cette semaine, un Sp\u00e9cial Beaut\u00e9 que je d\u00e9cortique de la premi\u00e8re \u00e0 la derni\u00e8re page quitte \u00e0 me coucher \u00e0 onze heures au lieu de neuf comme le veut mon hibernation&#8230;<br \/> <a class=\"read-more\" href=\"https:\/\/www.monblogdefille.com\/blog\/trop-de-la-hype\/\">Lire la suite \u00bb<\/a><\/p>\n","protected":false},"author":3,"featured_media":0,"comment_status":"open","ping_status":"open","sticky":false,"template":"","format":"standard","meta":{"footnotes":""},"categories":[5229],"tags":[19939,19945,20179],"class_list":["post-98060","post","type-post","status-publish","format-standard","hentry","category-les-magazines-de-gonzesses","tag-fard-a-paupieres","tag-laser","tag-medecine-esthetique"],"_links":{"self":[{"href":"https:\/\/www.monblogdefille.com\/blog\/wp-json\/wp\/v2\/posts\/98060","targetHints":{"allow":["GET"]}}],"collection":[{"href":"https:\/\/www.monblogdefille.com\/blog\/wp-json\/wp\/v2\/posts"}],"about":[{"href":"https:\/\/www.monblogdefille.com\/blog\/wp-json\/wp\/v2\/types\/post"}],"author":[{"embeddable":true,"href":"https:\/\/www.monblogdefille.com\/blog\/wp-json\/wp\/v2\/users\/3"}],"replies":[{"embeddable":true,"href":"https:\/\/www.monblogdefille.com\/blog\/wp-json\/wp\/v2\/comments?post=98060"}],"version-history":[{"count":0,"href":"https:\/\/www.monblogdefille.com\/blog\/wp-json\/wp\/v2\/posts\/98060\/revisions"}],"wp:attachment":[{"href":"https:\/\/www.monblogdefille.com\/blog\/wp-json\/wp\/v2\/media?parent=98060"}],"wp:term":[{"taxonomy":"category","embeddable":true,"href":"https:\/\/www.monblogdefille.com\/blog\/wp-json\/wp\/v2\/categories?post=98060"},{"taxonomy":"post_tag","embeddable":true,"href":"https:\/\/www.monblogdefille.com\/blog\/wp-json\/wp\/v2\/tags?post=98060"}],"curies":[{"name":"wp","href":"https:\/\/api.w.org\/{rel}","templated":true}]}}