{"id":96589,"date":"2007-11-01T14:07:21","date_gmt":"2007-11-01T14:07:21","guid":{"rendered":"http:\/\/localhost\/wordpress\/?p=96589"},"modified":"2008-03-25T17:55:15","modified_gmt":"2008-03-25T16:55:15","slug":"les-photos-au-senat","status":"publish","type":"post","link":"https:\/\/www.monblogdefille.com\/blog\/les-photos-au-senat\/","title":{"rendered":"Les photos au S\u00e9nat"},"content":{"rendered":"<p class=\"MsoNormal\"><span style=\"font-size: 10pt; font-family: Arial\">Dites donc les enfants j\u2019hallucine ma race, le photographe barbu du S\u00e9nat existe en vrai, il ne s\u2019est pas enfui au Guatemala avec mes photos, il m\u2019a \u00e9crit gentiment hier pour me les envoyer !<br \/>\nComme vous \u00e9tiez plusieurs \u00e0 les r\u00e9clamer ce jour-l\u00e0, je vous les mets ci-dessous, sachant qu&rsquo;une autre est visible en plus grand sur <u><a href=\"http:\/\/phlog.benjaminboccas.com\/?p=230\" target=\"_blank\" rel=\"noopener\">le site du jeune homme<\/a><\/u>, qui a m\u00eame un nom et s\u2019appelle Benjamin Boccas.<br \/>\nIl a fait des portraits de Mercotte, aussi, j\u2019ai h\u00e2te de les voir, elle est si choute.<\/span>\n<\/p>\n<p class=\"MsoNormal\"><span style=\"font-size: 10pt; font-family: Arial\">PS : T\u2019inqui\u00e8te Jo\u00eblle, c\u2019est toi que j\u2019aime (en plus t\u2019as pas de barbe, je pr\u00e9f\u00e8re).<\/span><\/p>\n<p class=\"MsoNormal\"> <img loading=\"lazy\" decoding=\"async\" src=\"wp-content\/themes\/default\/images\/boccas1.jpg\" border=\"0\" height=\"301\" width=\"240\" \/><img loading=\"lazy\" decoding=\"async\" src=\"wp-content\/themes\/default\/images\/boccas3.jpg\" border=\"0\" height=\"301\" width=\"240\" \/><\/p>\n<p class=\"MsoNormal\"><font face=\"arial,helvetica,sans-serif\"> \u00a9 Benjamin Boccas <\/font><\/p>\n","protected":false},"excerpt":{"rendered":"<p>Dites donc les enfants j\u2019hallucine ma race, le photographe barbu du S\u00e9nat existe en vrai, il ne s\u2019est pas enfui au Guatemala avec mes photos, il m\u2019a \u00e9crit gentiment hier pour me les envoyer !&#8230;<br \/> <a class=\"read-more\" href=\"https:\/\/www.monblogdefille.com\/blog\/les-photos-au-senat\/\">Lire la suite \u00bb<\/a><\/p>\n","protected":false},"author":3,"featured_media":0,"comment_status":"open","ping_status":"open","sticky":false,"template":"","format":"standard","meta":{"footnotes":""},"categories":[1495],"tags":[],"class_list":["post-96589","post","type-post","status-publish","format-standard","hentry","category-informatique-et-blogosphere"],"_links":{"self":[{"href":"https:\/\/www.monblogdefille.com\/blog\/wp-json\/wp\/v2\/posts\/96589","targetHints":{"allow":["GET"]}}],"collection":[{"href":"https:\/\/www.monblogdefille.com\/blog\/wp-json\/wp\/v2\/posts"}],"about":[{"href":"https:\/\/www.monblogdefille.com\/blog\/wp-json\/wp\/v2\/types\/post"}],"author":[{"embeddable":true,"href":"https:\/\/www.monblogdefille.com\/blog\/wp-json\/wp\/v2\/users\/3"}],"replies":[{"embeddable":true,"href":"https:\/\/www.monblogdefille.com\/blog\/wp-json\/wp\/v2\/comments?post=96589"}],"version-history":[{"count":0,"href":"https:\/\/www.monblogdefille.com\/blog\/wp-json\/wp\/v2\/posts\/96589\/revisions"}],"wp:attachment":[{"href":"https:\/\/www.monblogdefille.com\/blog\/wp-json\/wp\/v2\/media?parent=96589"}],"wp:term":[{"taxonomy":"category","embeddable":true,"href":"https:\/\/www.monblogdefille.com\/blog\/wp-json\/wp\/v2\/categories?post=96589"},{"taxonomy":"post_tag","embeddable":true,"href":"https:\/\/www.monblogdefille.com\/blog\/wp-json\/wp\/v2\/tags?post=96589"}],"curies":[{"name":"wp","href":"https:\/\/api.w.org\/{rel}","templated":true}]}}