{"id":94660,"date":"2007-10-24T08:19:41","date_gmt":"2007-10-24T08:19:41","guid":{"rendered":"http:\/\/localhost\/wordpress\/?p=94660"},"modified":"2009-07-24T18:37:56","modified_gmt":"2009-07-24T16:37:56","slug":"ma-nounou-est-morte-par-jeanne","status":"publish","type":"post","link":"https:\/\/www.monblogdefille.com\/blog\/ma-nounou-est-morte-par-jeanne\/","title":{"rendered":"Ma nounou est morte, par Jeanne"},"content":{"rendered":"<p class=\"MsoNormal\"><img loading=\"lazy\" decoding=\"async\" src=\"wp-content\/themes\/default\/images\/tanjore_ecolieres.jpg\" border=\"0\" alt=\"\" width=\"250\" height=\"188\" align=\"right\" \/><span style=\"font-size: 10pt; font-family: Arial\">\u00ab Ma nounou est morte. Ce n\u2019est pas moi qui l\u2019ai tu\u00e9e. J\u2019en avais trop besoin, \u00e7\u2019aurait \u00e9t\u00e9 du g\u00e2chis. Parce que les nounous de nos jours &#8211; juste revanche du bon peuple sur les affreux bourgeois- ce n\u2019est pas vous qui les recrutez, c\u2019est elles qui vous choisissent. Je me rem\u00e9more notre entretien d\u2019embauche, tiraill\u00e9e entre le besoin de me faire bien voir et la n\u00e9cessit\u00e9 absolue de v\u00e9rifier un peu les comp\u00e9tences de la dame avant le lui confier ma fille alors \u00e0 peine \u00e2g\u00e9e de trois mois. Je nous revois franchir en tremblant la porte de son appartement et nous extasier bruyamment sur la d\u00e9co. A Paris en 2007 \u00e7a se flatte, une nounou. <\/span><\/p>\n<p class=\"MsoNormal\"><span style=\"font-size: 10pt; font-family: Arial\">Ma nounou, donc, je n\u2019avais aucun int\u00e9r\u00eat \u00e0 la tuer. Et puis elle est morte d\u2019un infarctus, alors la m\u00e9decine me donne un alibi. Mon emploi du temps aussi.<br \/>\nParce que voyez-vous, ma nounou est morte le jour o\u00f9 je reprenais le boulot. Comme si tout \u00e7a \u00e9tait trop beau pour durer : ma fille souriait quand je la laissait ; elle souriait quand je revenais la chercher ; la nounou \u00e9tait chouette pour de vrai, dr\u00f4le, sensible, fine et disponible. Dans les films o\u00f9 l\u2019on montre les bourges discuter de leur \u00ab probl\u00e8mes de domesticit\u00e9 \u00bb et se plaindre qu\u2019il est \u00ab de plus en plus difficile de trouver du petit personnel \u00bb, il y en a toujours une qui dit \u00ab nous, nous avons trouv\u00e9 la perle \u00bb. Moi aussi, je l\u2019avais trouv\u00e9e.<\/span><\/p>\n<p class=\"MsoNormal\"><span style=\"font-size: 10pt; font-family: Arial\">Ma nounou n\u2019a jamais vu comment je m\u2019\u00e9tais pomponn\u00e9e pour ma rentr\u00e9e.<br \/>\nLe lundi matin, jour J, je m\u2019\u00e9tais pourtant brush\u00e9e, coiff\u00e9e, maquill\u00e9e, habill\u00e9e. Je voulais \u00eatre jolie, avoir l\u2019air repos\u00e9 et le teint frais. Incarner la jeune-maman-\u00e9panouie-bien-dans-sa-vie qu\u2019on voit dans la pub o\u00f9 la m\u00e8re de quatre enfants \u00e0 l\u2019air d\u2019avoir seize ans \u00e0 tout casser et n\u2019a jamais le cheveu gras ou des t\u00e2ches de pur\u00e9e de carotte sur son chemisier immacul\u00e9. J\u2019ai sonn\u00e9 \u00e0 l\u2019interphone. J\u2019ai gar\u00e9 ma poussette-tank-char-d\u2019assaut dans le local, et suis mont\u00e9e dans l\u2019ascenseur. <\/span>\n<\/p>\n<p class=\"MsoNormal\"><span style=\"font-size: 10pt; font-family: Arial\">Devant la porte d\u2019entr\u00e9e, ma besace (mon nouveau cartable, disons-le) sur l\u2019\u00e9paule droite, le sac de ma fille sur l\u2019\u00e9paule gauche, une main sur la sonnette pendant que l\u2019autre porte le cosy dans lequel ma fille gazouille, je respire un grand coup. Ca y est. Nous y voil\u00e0. Ding dong, drelin-drelin, drriiiiiiiiiiiiiiing et toutes ces sortes de choses. <\/span><\/p>\n<p class=\"MsoNormal\"><span style=\"font-size: 10pt; font-family: Arial\">La porte s\u2019ouvre. Un monsieur d\u2019une trentaine d\u2019ann\u00e9es se tient devant moi. \u00ab On n\u2019a pas trouv\u00e9 vos coordonn\u00e9es, on voulait vous pr\u00e9venir. Il est arriv\u00e9 quelque chose de tr\u00e8s grave, ma m\u00e8re a fait un infarctus. \u00bb En vrai il a dit<br \/>\ninFRActus. Mais dans mon infinie bont\u00e9, je n\u2019ai pas relev\u00e9. <\/span><\/p>\n<p class=\"MsoNormal\"><span style=\"font-size: 10pt; font-family: Arial\">La langue d\u2019Hugo a morfl\u00e9. Et au passage, Dolto en a pris pour son grade. Parce que le coup de la nounou morte, elle ne l\u2019avait pas pr\u00e9vu. En rentrant chez moi confier mon b\u00e9b\u00e9 \u00e0 son p\u00e8re qui par bonheur ne bossait pas ce jour l\u00e0 (et qui n\u2019est plus retourn\u00e9 au travail avant que nous n\u2019ayons trouv\u00e9 une place en cr\u00e8che) je me suis demand\u00e9e ce qu\u2019elle aurait fait \u00e0 ma place, la super-psychanalyste. J\u2019avais tout bien fait comme elle disait. J\u2019avais pass\u00e9 deux semaines \u00e0 expliquer \u00e0 ma fille que Maman allait aller au travail et que la gentille Nounou allait la garder avant que Papa vienne la chercher le soir.<br \/>\nEt vlan. Morte. Dans les gencives de Dolto, la nounou. <\/span>\n<\/p>\n<p class=\"MsoNormal\"><span style=\"font-size: 10pt; font-family: Arial\">Ma nounou est morte. Ca m\u2019a fait quelque chose. Parce qu\u2019on n\u2019envisage pas de laisser son enfant \u00e0 une parfaite inconnue sans s\u2019investir un peu affectivement pour que, justement, qu\u2019elle ne soit plus une parfaite inconnue. Et puis elle n\u2019avait que 51 ans, et c\u2019\u00e9tait une femme bien. <\/span><\/p>\n<p class=\"MsoNormal\"><span style=\"font-size: 10pt; font-family: Arial\">Sign\u00e9 : Jeanne \u00bb.<\/span><\/p>\n","protected":false},"excerpt":{"rendered":"<p>\u00ab Ma nounou est morte. Ce n\u2019est pas moi qui l\u2019ai tu\u00e9e. J\u2019en avais trop besoin, \u00e7\u2019aurait \u00e9t\u00e9 du g\u00e2chis. Parce que les nounous de nos jours &#8211; juste revanche du bon peuple sur les&#8230;<br \/> <a class=\"read-more\" href=\"https:\/\/www.monblogdefille.com\/blog\/ma-nounou-est-morte-par-jeanne\/\">Lire la suite \u00bb<\/a><\/p>\n","protected":false},"author":3,"featured_media":0,"comment_status":"open","ping_status":"open","sticky":false,"template":"","format":"standard","meta":{"footnotes":""},"categories":[5377],"tags":[20034],"class_list":["post-94660","post","type-post","status-publish","format-standard","hentry","category-o-toi-lectrice","tag-maternite"],"_links":{"self":[{"href":"https:\/\/www.monblogdefille.com\/blog\/wp-json\/wp\/v2\/posts\/94660","targetHints":{"allow":["GET"]}}],"collection":[{"href":"https:\/\/www.monblogdefille.com\/blog\/wp-json\/wp\/v2\/posts"}],"about":[{"href":"https:\/\/www.monblogdefille.com\/blog\/wp-json\/wp\/v2\/types\/post"}],"author":[{"embeddable":true,"href":"https:\/\/www.monblogdefille.com\/blog\/wp-json\/wp\/v2\/users\/3"}],"replies":[{"embeddable":true,"href":"https:\/\/www.monblogdefille.com\/blog\/wp-json\/wp\/v2\/comments?post=94660"}],"version-history":[{"count":0,"href":"https:\/\/www.monblogdefille.com\/blog\/wp-json\/wp\/v2\/posts\/94660\/revisions"}],"wp:attachment":[{"href":"https:\/\/www.monblogdefille.com\/blog\/wp-json\/wp\/v2\/media?parent=94660"}],"wp:term":[{"taxonomy":"category","embeddable":true,"href":"https:\/\/www.monblogdefille.com\/blog\/wp-json\/wp\/v2\/categories?post=94660"},{"taxonomy":"post_tag","embeddable":true,"href":"https:\/\/www.monblogdefille.com\/blog\/wp-json\/wp\/v2\/tags?post=94660"}],"curies":[{"name":"wp","href":"https:\/\/api.w.org\/{rel}","templated":true}]}}