{"id":94461,"date":"2007-10-23T08:48:53","date_gmt":"2007-10-23T08:48:53","guid":{"rendered":"http:\/\/localhost\/wordpress\/?p=94461"},"modified":"2008-03-28T18:24:14","modified_gmt":"2008-03-28T17:24:14","slug":"senilite-precoce","status":"publish","type":"post","link":"https:\/\/www.monblogdefille.com\/blog\/senilite-precoce\/","title":{"rendered":"S\u00e9nilit\u00e9 pr\u00e9coce ?"},"content":{"rendered":"<p class=\"MsoNormal\"><img loading=\"lazy\" decoding=\"async\" src=\"wp-content\/themes\/default\/images\/senilite_precoce.jpg\" align=\"left\" border=\"0\" height=\"178\" hspace=\"5\" width=\"250\" \/><span style=\"font-size: 10pt; font-family: Arial\">Je parle toute seule. Depuis toujours, tout le temps et partout. Chez moi je le fais<span>  <\/span>bizarrement \u00e0 voix basse, alors que dans la rue je claironne mes r\u00e9flexions int\u00e9rieures \u00e0 voix haute.<br \/>\nCe pour quoi je maudis l\u2019inventeur de la semelle de cr\u00eape : je suis l\u00e0 bien tranquille, \u00e0 dialoguer avec moi-m\u00eame en marchant d\u2019un bon pas, me croyant seule au monde, quand soudain surgit derri\u00e8re moi un tra\u00eetre chauss\u00e9 de semelles de cr\u00eape. Il a tout entendu, je suis mortifi\u00e9e.<\/span><\/p>\n<p class=\"MsoNormal\"><span style=\"font-size: 10pt; font-family: Arial\">a m\u2019arrive aussi dans l\u2019ascenseur, dans lequel je d\u00e9blat\u00e8re vigoureusement avec moi-m\u00eame ; la porte s\u2019ouvre, et il y a quelqu\u2019un. Une fois de plus je m\u2019enfuis honteusement (pas \u00e0 cause du fait de parler seule, dont en soi je me fiche, mais \u00e0 l\u2019id\u00e9e du sujet \u00e9voqu\u00e9, parfois vraiment d\u00e9bile et pas du tout avouable).<br \/>\nQuand j\u2019\u00e9tais ado je parlais seule en anglais et en italien, aux toilettes.<br \/>\nPourquoi ? Aucune id\u00e9e, je devais trouver \u00e7a classe.<br \/>\nQuand je suis tr\u00e8s tr\u00e8s bourr\u00e9e, il m\u2019arrive encore de le faire. Mais c\u2019est rare, je crains trop la gueule de bois pour en arriver l\u00e0.<\/span><\/p>\n<p class=\"MsoNormal\"><span style=\"font-size: 10pt; font-family: Arial\">Ma m\u00e8re parle toute seule depuis toujours, mais exclusivement quand il y a quelqu\u2019un dans la pi\u00e8ce. Ca me rend barjot ! Elle marmonne des trucs dans son coin et quand on dit \u00ab pardon ? \u00bb elle r\u00e9pond \u00ab rien rien, je parle toute seule \u00bb. Mais bon sang, soit tu parles toute seule quand tu ES toute seule, soit tu parles aux gens qui t\u2019entourent !<br \/>\nMoi au moins j\u2019attends d\u2019\u00eatre vraiment seule pour le faire ;-)<\/span><\/p>\n","protected":false},"excerpt":{"rendered":"<p>Je parle toute seule. Depuis toujours, tout le temps et partout. Chez moi je le fais bizarrement \u00e0 voix basse, alors que dans la rue je claironne mes r\u00e9flexions int\u00e9rieures \u00e0 voix haute. Ce pour&#8230;<br \/> <a class=\"read-more\" href=\"https:\/\/www.monblogdefille.com\/blog\/senilite-precoce\/\">Lire la suite \u00bb<\/a><\/p>\n","protected":false},"author":3,"featured_media":0,"comment_status":"open","ping_status":"open","sticky":false,"template":"","format":"standard","meta":{"footnotes":""},"categories":[1493],"tags":[],"class_list":["post-94461","post","type-post","status-publish","format-standard","hentry","category-psycho-de-comptoir"],"_links":{"self":[{"href":"https:\/\/www.monblogdefille.com\/blog\/wp-json\/wp\/v2\/posts\/94461","targetHints":{"allow":["GET"]}}],"collection":[{"href":"https:\/\/www.monblogdefille.com\/blog\/wp-json\/wp\/v2\/posts"}],"about":[{"href":"https:\/\/www.monblogdefille.com\/blog\/wp-json\/wp\/v2\/types\/post"}],"author":[{"embeddable":true,"href":"https:\/\/www.monblogdefille.com\/blog\/wp-json\/wp\/v2\/users\/3"}],"replies":[{"embeddable":true,"href":"https:\/\/www.monblogdefille.com\/blog\/wp-json\/wp\/v2\/comments?post=94461"}],"version-history":[{"count":0,"href":"https:\/\/www.monblogdefille.com\/blog\/wp-json\/wp\/v2\/posts\/94461\/revisions"}],"wp:attachment":[{"href":"https:\/\/www.monblogdefille.com\/blog\/wp-json\/wp\/v2\/media?parent=94461"}],"wp:term":[{"taxonomy":"category","embeddable":true,"href":"https:\/\/www.monblogdefille.com\/blog\/wp-json\/wp\/v2\/categories?post=94461"},{"taxonomy":"post_tag","embeddable":true,"href":"https:\/\/www.monblogdefille.com\/blog\/wp-json\/wp\/v2\/tags?post=94461"}],"curies":[{"name":"wp","href":"https:\/\/api.w.org\/{rel}","templated":true}]}}