{"id":93986,"date":"2007-10-20T12:34:18","date_gmt":"2007-10-20T12:34:18","guid":{"rendered":"http:\/\/localhost\/wordpress\/?p=93986"},"modified":"2008-03-28T18:53:41","modified_gmt":"2008-03-28T17:53:41","slug":"ines-de-la-fressange-n-aime-pas-le-mascara-non-plus","status":"publish","type":"post","link":"https:\/\/www.monblogdefille.com\/blog\/ines-de-la-fressange-n-aime-pas-le-mascara-non-plus\/","title":{"rendered":"In\u00e8s de la Fressange n&rsquo;aime pas le mascara non plus"},"content":{"rendered":"<p class=\"MsoNormal\"><img loading=\"lazy\" decoding=\"async\" src=\"wp-content\/themes\/default\/images\/ines_mascara.jpg\" align=\"left\" border=\"0\" height=\"250\" hspace=\"5\" width=\"188\" \/><span style=\"font-size: 10pt; font-family: Arial\">Dans le Elle de cette semaine il y a un dossier sur le style, genre comment faire pour en avoir, et c\u2019est quoi les secrets des stars pour pas ressembler \u00e0 des clodos, etc\u2026<br \/>\nIn\u00e8s de la Fressange, interrog\u00e9e en tant qu\u2019incarnation de l\u2019\u00e9l\u00e9gance absolue (c\u2019est moi qui le dis, je cite pas Elle, l\u00e0 tout de suite), donne une liste de trucs \u00e0 ne surtout pas faire si on veut esp\u00e9rer avoir un peu de style, dont, je vous le donne en mille et je cite : <\/span><br \/>\n<strong><span style=\"font-size: 10pt; font-family: Arial\">\u00ab<\/span><\/strong><span style=\"font-size: 10pt; font-family: Arial\"> <strong>Pas de mascara sur les cils du bas<\/strong> <strong>\u00bb.<\/strong><\/span>\n<\/p>\n<p class=\"MsoNormal\"><span style=\"font-size: 10pt; font-family: Arial\">Aha !!!<\/span><\/p>\n<p class=\"MsoNormal\"><span style=\"font-size: 10pt; font-family: Arial\">In\u00e8s, dans mes bras !<\/span><\/p>\n<p class=\"MsoNormal\"><span style=\"font-size: 10pt; font-family: Arial\">PS : elle dit aussi que les bretelles de soutif en plastoc, les lunettes de vue fantaisie et les motifs sur les pulls \u00e7a craint sa race, et l\u00e0 encore je lui saute au cou, mais pas autant que pour le coup du mascara qui est un de mes<br \/>\ngrands chevaux de bataille comme chacune sait.<\/span>\n<\/p>\n<p class=\"MsoNormal\"><span style=\"font-size: 10pt; font-family: Arial\">PS 2: jamais de sac en ska\u00ef, ben oui hein, \u00e9videmment, pourquoi crois-tu que je bosse 20h par jour, In\u00e8s mon petit ? Pour me payer du cuir, voil\u00e0 ;-)<\/span><\/p>\n","protected":false},"excerpt":{"rendered":"<p>Dans le Elle de cette semaine il y a un dossier sur le style, genre comment faire pour en avoir, et c\u2019est quoi les secrets des stars pour pas ressembler \u00e0 des clodos, etc\u2026 In\u00e8s&#8230;<br \/> <a class=\"read-more\" href=\"https:\/\/www.monblogdefille.com\/blog\/ines-de-la-fressange-n-aime-pas-le-mascara-non-plus\/\">Lire la suite \u00bb<\/a><\/p>\n","protected":false},"author":3,"featured_media":0,"comment_status":"open","ping_status":"open","sticky":false,"template":"","format":"standard","meta":{"footnotes":""},"categories":[5229],"tags":[19952],"class_list":["post-93986","post","type-post","status-publish","format-standard","hentry","category-les-magazines-de-gonzesses","tag-mascara"],"_links":{"self":[{"href":"https:\/\/www.monblogdefille.com\/blog\/wp-json\/wp\/v2\/posts\/93986","targetHints":{"allow":["GET"]}}],"collection":[{"href":"https:\/\/www.monblogdefille.com\/blog\/wp-json\/wp\/v2\/posts"}],"about":[{"href":"https:\/\/www.monblogdefille.com\/blog\/wp-json\/wp\/v2\/types\/post"}],"author":[{"embeddable":true,"href":"https:\/\/www.monblogdefille.com\/blog\/wp-json\/wp\/v2\/users\/3"}],"replies":[{"embeddable":true,"href":"https:\/\/www.monblogdefille.com\/blog\/wp-json\/wp\/v2\/comments?post=93986"}],"version-history":[{"count":0,"href":"https:\/\/www.monblogdefille.com\/blog\/wp-json\/wp\/v2\/posts\/93986\/revisions"}],"wp:attachment":[{"href":"https:\/\/www.monblogdefille.com\/blog\/wp-json\/wp\/v2\/media?parent=93986"}],"wp:term":[{"taxonomy":"category","embeddable":true,"href":"https:\/\/www.monblogdefille.com\/blog\/wp-json\/wp\/v2\/categories?post=93986"},{"taxonomy":"post_tag","embeddable":true,"href":"https:\/\/www.monblogdefille.com\/blog\/wp-json\/wp\/v2\/tags?post=93986"}],"curies":[{"name":"wp","href":"https:\/\/api.w.org\/{rel}","templated":true}]}}