{"id":93025,"date":"2007-01-12T13:20:28","date_gmt":"2007-01-12T12:20:28","guid":{"rendered":"http:\/\/localhost\/wordpress\/?p=93025"},"modified":"2009-01-26T01:56:46","modified_gmt":"2009-01-26T00:56:46","slug":"beaute-suisse-pour-stephanie","status":"publish","type":"post","link":"https:\/\/www.monblogdefille.com\/blog\/beaute-suisse-pour-stephanie\/","title":{"rendered":"Beaut\u00e9 suisse pour St\u00e9phanie"},"content":{"rendered":"<p class=\"MsoNormal\"><img loading=\"lazy\" decoding=\"async\" src=\"wp-content\/themes\/default\/images\/wanted3.jpg\" align=\"left\" border=\"0\" height=\"200\" hspace=\"5\" width=\"166\" \/><span style=\"font-size: 10pt; font-family: Arial\">\u00ab Bonjour les filles,<\/span><\/p>\n<p class=\"MsoNormal\"><span style=\"font-size: 10pt; font-family: Arial\">Fortement encourag\u00e9e par mon petit mari ch\u00e9ri, j&rsquo;aimerais m&rsquo;offrir un petit moment de<br \/>\nd\u00e9tente dans un institut de beaut\u00e9 &#8211; genre soin du visage etc &#8211; mais j&rsquo;habite pr\u00e8s de Lausanne (et oui, expatri\u00e9e en terre helv\u00e9tique) et je ne connais pas encore d&rsquo;endroit de ce genre. <\/span><\/p>\n<p class=\"MsoNormal\"><span style=\"font-size: 10pt; font-family: Arial\">Si certaines d&rsquo;entre vous ont donc des adresses \u00e0 me recommander (\u00e0 ou autour de<br \/>\nLausanne), et si possible une id\u00e9e du prix, je suis preneuse!<\/span>\n<\/p>\n<p class=\"MsoNormal\"><span style=\"font-size: 10pt; font-family: Arial\">Un tr\u00e8s grand merci d&rsquo;avance!<\/span><\/p>\n<p class=\"MsoNormal\"><span style=\"font-size: 10pt; font-family: Arial\">Sign\u00e9 : St\u00e9phanie \u00bb<\/span><\/p>\n","protected":false},"excerpt":{"rendered":"<p>\u00ab Bonjour les filles, Fortement encourag\u00e9e par mon petit mari ch\u00e9ri, j&rsquo;aimerais m&rsquo;offrir un petit moment de d\u00e9tente dans un institut de beaut\u00e9 &#8211; genre soin du visage etc &#8211; mais j&rsquo;habite pr\u00e8s de Lausanne&#8230;<br \/> <a class=\"read-more\" href=\"https:\/\/www.monblogdefille.com\/blog\/beaute-suisse-pour-stephanie\/\">Lire la suite \u00bb<\/a><\/p>\n","protected":false},"author":3,"featured_media":0,"comment_status":"open","ping_status":"open","sticky":false,"template":"","format":"standard","meta":{"footnotes":""},"categories":[20009,1502],"tags":[],"class_list":["post-93025","post","type-post","status-publish","format-standard","hentry","category-beaute","category-wanted"],"_links":{"self":[{"href":"https:\/\/www.monblogdefille.com\/blog\/wp-json\/wp\/v2\/posts\/93025","targetHints":{"allow":["GET"]}}],"collection":[{"href":"https:\/\/www.monblogdefille.com\/blog\/wp-json\/wp\/v2\/posts"}],"about":[{"href":"https:\/\/www.monblogdefille.com\/blog\/wp-json\/wp\/v2\/types\/post"}],"author":[{"embeddable":true,"href":"https:\/\/www.monblogdefille.com\/blog\/wp-json\/wp\/v2\/users\/3"}],"replies":[{"embeddable":true,"href":"https:\/\/www.monblogdefille.com\/blog\/wp-json\/wp\/v2\/comments?post=93025"}],"version-history":[{"count":0,"href":"https:\/\/www.monblogdefille.com\/blog\/wp-json\/wp\/v2\/posts\/93025\/revisions"}],"wp:attachment":[{"href":"https:\/\/www.monblogdefille.com\/blog\/wp-json\/wp\/v2\/media?parent=93025"}],"wp:term":[{"taxonomy":"category","embeddable":true,"href":"https:\/\/www.monblogdefille.com\/blog\/wp-json\/wp\/v2\/categories?post=93025"},{"taxonomy":"post_tag","embeddable":true,"href":"https:\/\/www.monblogdefille.com\/blog\/wp-json\/wp\/v2\/tags?post=93025"}],"curies":[{"name":"wp","href":"https:\/\/api.w.org\/{rel}","templated":true}]}}