{"id":92467,"date":"2007-10-12T09:17:33","date_gmt":"2007-10-12T08:17:33","guid":{"rendered":"http:\/\/localhost\/wordpress\/?p=92467"},"modified":"2014-03-14T10:20:49","modified_gmt":"2014-03-14T09:20:49","slug":"les-yeux-de-petite-grenouille","status":"publish","type":"post","link":"https:\/\/www.monblogdefille.com\/blog\/les-yeux-de-petite-grenouille\/","title":{"rendered":"Maquillage yeux bleus &#8211; Les yeux de petite grenouille"},"content":{"rendered":"<p class=\"MsoNormal\"><img loading=\"lazy\" decoding=\"async\" alt=\"\" src=\"wp-content\/themes\/default\/images\/petitegrenouille2.jpg\" width=\"500\" height=\"198\" border=\"0\" \/><\/p>\n<p class=\"MsoNormal\">\n<p class=\"MsoNormal\"><span style=\"text-decoration: underline;\"><span style=\"font-size: 10pt; font-family: Arial;\">Voici ce que nous dit petite grenouille <\/span><\/span><span style=\"font-size: 10pt; font-family: Arial;\">:<\/span><\/p>\n<p class=\"MsoNormal\"><span style=\"font-size: 10pt; font-family: Arial;\">\u00ab Mes yeux sont tout \u00e0 la fois ma croix et ma banni\u00e8re, et ce que je pr\u00e9f\u00e8re chez moi&#8230; mon plus grand complexe, mais aussi souvent ce qui fait qu&rsquo;on me remarque&#8230;<\/span><\/p>\n<p class=\"MsoNormal\"><span style=\"font-size: 10pt; font-family: Arial;\">En fait, j&rsquo;ai la chance d&rsquo;avoir h\u00e9rit\u00e9 de ma maman des yeux tr\u00e8s bleus et tr\u00e8s grands (jusque l\u00e0, \u00e7a va bien), mais malheureusement le package h\u00e9ritage comprenait aussi des yeux globuleux ! Oui, je sais, c&rsquo;est horrible \u00e0 \u00e9crire mais c&rsquo;est comme \u00e7a ! Tout le monde me dit en g\u00e9n\u00e9ral que j&rsquo;ai de tr\u00e8s beaux yeux, mais moi, j&rsquo;y peux rien, \u00e7a continue \u00e0 me complexer. <\/span><\/p>\n<p class=\"MsoNormal\"><span style=\"font-size: 10pt; font-family: Arial;\">Je suis donc pris dans un grand dilemme niveau maquillage : faut-il, selon l&rsquo;adage bien connu \u00ab\u00a0mettre en valeur le d\u00e9faut\u00a0\u00bb, ou au contraire le planquer, et, dans ce cas, comment fait-on ?<\/span><\/p>\n<p class=\"MsoNormal\"><span style=\"font-size: 10pt; font-family: Arial;\">Autre torture : quelle couleur avec le bleu ? On m&rsquo;a toujours dit le marron, mais, moi, je trouve pas que \u00e7a rend bien. Je me suis r\u00e9sign\u00e9e \u00e0 utiliser du gris, en crayon et en fard, mais je manie \u00e7a aussi bien que la truelle (c&rsquo;est dire). Et<br \/>\npuis, surtout, je suis toujours maquill\u00e9e pareil.<\/span><\/p>\n<p class=\"MsoNormal\"><span style=\"font-size: 10pt; font-family: Arial;\">Derni\u00e8re chose qui justifie l&rsquo;int\u00e9r\u00eat de mon cas : les sourcils. J&rsquo;ai les poils des sourcils qui frisent&#8230; Mais si, \u00e7a existe&#8230; Quand ils sont trop longs, ils frisent, alors \u00e9videmment je les coupe mais \u00e7a frisouille toujours un peu (alors que mes cheveux eux restent d\u00e9sesp\u00e9r\u00e9ment raides&#8230;.) et donc, \u00e7a fait jamais net.<\/span><\/p>\n<p class=\"MsoNormal\"><span style=\"font-size: 10pt; font-family: Arial;\">Tout \u00e7a pour dire, que, si y&rsquo;en a une qu&rsquo;a besoin d&rsquo;aide, c&rsquo;est moi. ;-) \u00bb<\/span><\/p>\n<p class=\"MsoNormal\"><span style=\"text-decoration: underline;\"><span style=\"font-size: 10pt; font-family: Arial;\">Voil\u00e0 ce que j\u2019en pense<\/span><\/span><span style=\"font-size: 10pt; font-family: Arial;\"> :<\/span><\/p>\n<p class=\"MsoNormal\"><span style=\"font-size: 10pt; font-family: Arial;\">Bon alors \u00e9videmment tu n\u2019as absolument pas les yeux globuleux. Globuleux \u00e7a fait des yeux \u00e0 fleur de t\u00eate, genre qui DEPASSENT du cr\u00e2ne ;-)<br \/>\nToi tu es les yeux juste un peu arrondis, \u00e7a n\u2019a rien \u00e0 voir et c\u2019est beaucoup plus facile \u00e0 corriger ;-)<\/span><\/p>\n<p class=\"MsoNormal\"><span style=\"font-size: 10pt; font-family: Arial;\">Tes sourcils ont une tr\u00e8s jolie ligne longue, qui encadre l\u2019oeil jusqu\u2019au bout, c\u2019est rare, tu as de la chance. S\u2019il faut les couper un peu bec\u00f4z frisouillis, \u00e7a vaut bien \u00e7a ;-)<br \/>\nIl y a \u00e0 peine quelques poils qui d\u00e9passent (notamment quelques uns sur le dessus, et deux ou trois sous le tiers interne du sourcil gauche). <\/span><\/p>\n<p class=\"MsoNormal\"><span style=\"font-size: 10pt; font-family: Arial;\">Pour tes yeux, en fait on a envie de les \u00ab remonter \u00bb ; je sais, \u00e7a a l\u2019air bizarre dit comme \u00e7a, je vais essayer de m\u2019expliquer au mieux : le but est de donner l\u2019impression qu\u2019ils s\u2018\u00e9tirent plus vers la tempe, et sont plus en amande.<\/span><\/p>\n<p class=\"MsoNormal\"><span style=\"font-size: 10pt; font-family: Arial;\">Pour \u00e7a je serais assez tent\u00e9e de mettre un trait de crayon \u00e0 l\u2019int\u00e9rieur de la paupi\u00e8re inf\u00e9rieure, genre gris fonc\u00e9 ou brun fum\u00e9 (surtout pas rouge, le brun, sinon \u00e7a fait lapin russe). Il faut qu\u2019il se fonde bien dans les cils, et en insistant sur le milieu qui est la partie qui donne cet air arrondi \u00e0 l\u2019\u0153il.<\/span><\/p>\n<p class=\"MsoNormal\"><span style=\"font-size: 10pt; font-family: Arial;\">Je poursuivrais la \u00ab retouche \u00bb en faisant le m\u00eame trait au ras des cils sur la paupi\u00e8re sup\u00e9rieure (mais cette fois ci \u00e0 l\u2019ext\u00e9rieur des cils), \u00e0 partir du tiers de la paupi\u00e8re, et en remontant l\u00e9g\u00e8rement sur la fin. Uhhh, est-ce compr\u00e9hensible ou absolument pas ?? ;-)<\/span><\/p>\n<p class=\"MsoNormal\"><span style=\"font-size: 10pt; font-family: Arial;\">Pour flouter le tout je prendrais un fard brun assourdi, pas du tout brillant, pas du tout rouge, tirant un peu sur le gris en fait, ou un gris fum\u00e9, je sais que \u00e7a te change pas beaucoup mais si tu n\u2019adores pas le brun il ne va pas rester<br \/>\ndes milliards de choix ;-)<\/span><\/p>\n<p class=\"MsoNormal\"><span style=\"font-size: 10pt; font-family: Arial;\">Une petite touche discr\u00e8te et estomp\u00e9e de fard clair (pas trop iris\u00e9, gaffe) juste sous le sourcil, au milieu.<\/span><\/p>\n<p class=\"MsoNormal\"><span style=\"font-size: 10pt; font-family: Arial;\">Han, je suis en train de me demander si le dor\u00e9 ne serait pas assez top ? Pas du dor\u00e9 bling bling hein, un truc sobre, satin\u00e9, comme un or bross\u00e9, d\u00e9poli. Pos\u00e9 sur du brun fum\u00e9, donc, parce que le dor\u00e9 tout seul l\u2019hiver, c\u2019est une peu casse-gueule, quand on est de type caucasien ;-)<\/span><\/p>\n<p class=\"MsoNormal\"><span style=\"font-size: 10pt; font-family: Arial;\">Beaucoup de mascara brun tr\u00e8s fonc\u00e9 sur les cils du haut (quitte m\u00eame \u00e0 coller un bon coup de recourbe-cils avant pour ouvrir encore plus le regard vers le haut), surtout pas en bas.<\/span><\/p>\n<p class=\"MsoNormal\"><span style=\"font-size: 10pt; font-family: Arial;\">Est-ce que \u00e7a t\u2019aide un peu ? Les filles, z\u2019en pensez quoi ?<\/span><\/p>\n<p class=\"MsoNormal\"><span style=\"text-decoration: underline;\"><span style=\"font-size: 10pt; font-family: Arial;\"><strong>La suite<\/strong><\/span><\/span><\/p>\n<p class=\"MsoNormal\"><img loading=\"lazy\" decoding=\"async\" alt=\"\" src=\"wp-content\/themes\/default\/images\/petitegrenouille3.jpg\" width=\"500\" height=\"195\" border=\"0\" \/><\/p>\n<p class=\"MsoNormal\">\n<p class=\"MsoNormal\"><img loading=\"lazy\" decoding=\"async\" alt=\"\" src=\"wp-content\/themes\/default\/images\/petitegrenouille4.jpg\" width=\"500\" height=\"201\" border=\"0\" \/><\/p>\n<p class=\"MsoNormal\"><span style=\"text-decoration: underline;\"><span style=\"font-size: 10pt; font-family: Arial;\">Petite grenouille nous dit :<\/span><\/span><\/p>\n<p class=\"MsoNormal\"><span style=\"font-size: 10pt; font-family: Arial;\">\u00ab Merci encore pour cette publication et tous ces conseils&#8230; Ton blog est juste fabuleux ! J&rsquo;ai d&rsquo;un coup l&rsquo;impression d&rsquo;\u00eatre entre les mains de pleins d&rsquo;expertes !<\/span><\/p>\n<p>J&rsquo;ai pas pu attendre ma vir\u00e9e chez S\u00e9phora, et j&rsquo;ai d\u00e9j\u00e0 fait quelques essais avec ce que j&rsquo;ai \u00e0 la maison&#8230; c&rsquo;est&#8211;\u00e0 dire du gris.<br \/>\nDeux versions : une plus soutenue (pompeusement rebaptis\u00e9e \u00ab\u00a0smoky bis\u00a0\u00bb) et une plus l\u00e9g\u00e8re (yeux gris).<\/p>\n<p>J&rsquo;ai fait attention \u00e0 charger le coin externe et pas le coin interne et \u00e0 redessiner un contour plus en amande&#8230;.<\/p>\n<p>Ca va ou bof ?<\/p>\n<p>Merci encore \u00bb<\/p>\n<p class=\"MsoNormal\"><span style=\"text-decoration: underline;\"><span style=\"font-size: 10pt; font-family: Arial;\">Moi je dis :<\/span><\/span><\/p>\n<p class=\"MsoNormal\"><span style=\"font-size: 10pt; font-family: Arial;\">Alors il me semble que le smoky bis est trop charg\u00e9, \u00e7a ne te va pas, \u00e7a te vieillit et te durcit le regard.<br \/>\nEn fait c\u2019est le maquillage de la paupi\u00e8re inf\u00e9rieure, qui ne va pas, je pense que c\u2019est \u00e0 \u00e9viter sur tes yeux.<\/span><\/p>\n<p class=\"MsoNormal\"><span style=\"font-size: 10pt; font-family: Arial;\"> En revanche la seconde photo me para\u00eet tr\u00e8s proche de ce que j\u2019imaginais ;-) <\/span><\/p>\n<p class=\"MsoNormal\"><span style=\"font-size: 10pt; font-family: Arial;\">Je remonterais un poil plus le trait de la paupi\u00e8re sup\u00e9rieure, en bout de course, pour remonter encore un peu plus l\u2019\u0153il, et je ne mettrais pas trop de fard dans le coin interne sup\u00e9rieur, toujours pour jouer sur l\u2019id\u00e9e d\u2019 \u00ab amandir \u00bb tes yeux, comme l\u2019a si bien dit jujulie.<\/span><\/p>\n<p>Pour \u00e7a tu peux aussi remonter un tout petit peu le fard sur le coin externe, sur la paupi\u00e8re fixe. Pas \u00e9tir\u00e9 \u00e0 mort comme dans els ann\u00e9es 80, amis un tout petit peu, \u00e7a aussi \u00e7a remonte l\u2019\u0153il.<\/p>\n<p class=\"MsoNormal\"><span style=\"font-size: 10pt; font-family: Arial;\">Maintenant je voudrais bien voir la m\u00eame chose avec du brun mat \u00e0 la place du gris fonc\u00e9, est un or tr\u00e8s assourdi dessus, \u00e7a doit \u00eatre splendide ;-)<\/span><\/p>\n<p class=\"MsoNormal\"><span style=\"font-size: 10pt; font-family: Arial;\">Est-ce que tu as mis du mascara sur les cils du bas (en photo c\u2019est pas \u00e9vident de se rendre compte de tous les d\u00e9tails) ? Si oui ce n\u2019est pas la peine, il faut \u00ab faire oublier \u00bb le bas autant que possible, si j\u2019ose dire ;-)<\/span><\/p>\n<p class=\"MsoNormal\"><span style=\"font-size: 10pt; font-family: Arial;\">Tu va pouvoir continuer \u00e0 ouvrir ton regard vers le haut en enlevant un tout petit peu de sourcils sur le dessous, surtout c\u00f4t\u00e9 droit, c\u00f4t\u00e9 gauche \u00e7a va (tu es gauch\u00e8re ?).<\/span><\/p>\n<p class=\"MsoNormal\"><span style=\"font-size: 10pt; font-family: Arial;\">Ca te parle ou c\u2019est un peu obscur ? Parce que je trouve \u00e7a horriblement dur de donner des conseils sans pouvoir montrer directement sur la personne, tu ne veux pas venir \u00e0 la prochaine soir\u00e9e maquillage ? ;-)<\/span><\/p>\n<p class=\"MsoNormal\"><span style=\"font-size: 10pt; font-family: Arial;\">Les filles, qu\u2019est-ce que vous pensez de tout \u00e7a ?<\/span><\/p>\n<p class=\"MsoNormal\"><strong><span style=\"text-decoration: underline;\"><span style=\"font-size: 10pt; font-family: Arial;\">La suite de la suite :<\/span><\/span><\/strong><\/p>\n<p class=\"MsoNormal\"><span style=\"text-decoration: underline;\"><span style=\"font-size: 10pt; font-family: Arial;\">Petite grenouille :<\/span><\/span><\/p>\n<p class=\"MsoNormal\"><span style=\"font-size: 10pt; font-family: Arial;\">\u00ab Bonjour tout le monde,<\/span><\/p>\n<p>Voil\u00e0 un petit essai avec ce que j&rsquo;ai trouv\u00e9 chez S\u00e9phora&#8230; Comme ce sont des essais, j&rsquo;ai pris des trucs pas trop cher, genre Bourjois ou l&rsquo;Or\u00e9al !<br \/>\nSi \u00e7a vous plait, j&rsquo;investirai dans du mieux !<\/p>\n<p class=\"MsoNormal\"><span style=\"font-size: 10pt; font-family: Arial;\"><br \/>\n<\/span><img loading=\"lazy\" decoding=\"async\" alt=\"\" src=\"wp-content\/themes\/default\/images\/marron.jpg\" width=\"500\" height=\"202\" border=\"0\" \/><\/p>\n<p class=\"MsoNormal\"><span style=\"font-size: 10pt; font-family: Arial;\"><br \/>\nAlors, voici le premier essai en marron : j&rsquo;ai pris un brun fum\u00e9, un crayon brun et du mascara marron. J&rsquo;ai ajout\u00e9 dessus une touche de dor\u00e9 : mais je suis pas bien sure d&rsquo;avoir compris comment le poser. Moi, je l&rsquo;ai tout b\u00eatement pos\u00e9 en aplat sur le fard brun, mais est-ce que c&rsquo;est comme \u00e7a qu&rsquo;il fallait faire ?<br \/>\nD&rsquo;un coup, j&rsquo;ai un doute. La photo fait briller, alors que en vrai, \u00e7a brille pas&#8230; ! allez comprendre. En plus, il me semble qu&rsquo;un brun plus brun serait peut-\u00eatre mieux.<\/span><\/p>\n<p>J&rsquo;ai pas os\u00e9 mettre de la poudre sur ma peau : je croyais que c&rsquo;\u00e9tait r\u00e9serv\u00e9 \u00e0 ma grand-m\u00e8re&#8230; Alors, si je comprends bien, il faudrait que je mette fond de teint + poudre : mais \u00e7a va pas faire trop&#8230; Je veux dire trop \u00ab\u00a0maquill\u00e9e\u00a0\u00bb ? Je sais pas si vous vous rendez compte comme ma g\u00e9ographie personnelle du maquillage est en train d&rsquo;\u00eatre boulevers\u00e9e, l\u00e0&#8230;<\/p>\n<p class=\"MsoNormal\"><img loading=\"lazy\" decoding=\"async\" alt=\"\" src=\"wp-content\/themes\/default\/images\/kaki.jpg\" width=\"500\" height=\"187\" border=\"0\" \/><\/p>\n<p class=\"MsoNormal\"><span style=\"font-size: 10pt; font-family: Arial;\">Bon, sinon, j&rsquo;ai aussi achet\u00e9 un kaki, mais une fois pos\u00e9, on dirait du gris&#8230;<br \/>\nJe vous envoie une photo quand mes yeux ont d\u00e9rougi&#8230;<br \/>\nEt j&rsquo;ai aussi achet\u00e9 du prune, mais l\u00e0, j&rsquo;attends un peu, surtout qu&rsquo;H\u00e9l\u00e8ne, elle veut pas&#8230;<\/span><\/p>\n<p>C&rsquo;est rigolo, mais hier apr\u00e8s-midi, je suis sortie avec mon nouveau maquillage, et j&rsquo;ai eu un succ\u00e8s fou. M\u00eame ma nouvelle femme de m\u00e9nage m&rsquo;a dit : \u00ab\u00a0Oh, que vos yeux sont bleus !\u00a0\u00bb&#8230; J&rsquo;\u00e9tais \u00e0 deux doigts de la prendre dans mes bras !<\/p>\n<p>La r\u00e9f\u00e9rence du gris sur l&rsquo;essai n\u00b02, c&rsquo;est \u00ab\u00a0gris couture\u00a0\u00bb de Gemey &#8230; A\u00efe, j&rsquo;ai honte !!!! Mais promis, \u00e7a va changer&#8230; Je vais aller chez MAC.<br \/>\nLe seul hic, c&rsquo;est que le seul mac qu&rsquo;il y a pr\u00e8s de chez moi, c&rsquo;est celui d&rsquo;Aix !<br \/>\nDu coup, je sais pas si \u00e7a vaut le coup !<\/p>\n<p>Et puis, derni\u00e8re chose: l&rsquo;essai n\u00b01, je l&rsquo;avais fait avant tous les conseils d&rsquo;H\u00e9l\u00e8ne, ce qui fait que entre le 1 et le 2, c&rsquo;est du \u00ab\u00a0ma vie avant H\u00e9l\u00e8ne\u00a0\u00bb et \u00ab\u00a0ma vie apr\u00e8s H\u00e9l\u00e8ne\u00a0\u00bb !<\/p>\n<p>Merci encore \u00bb<\/p>\n<p class=\"MsoNormal\"><span style=\"text-decoration: underline;\"><span style=\"font-size: 10pt; font-family: Arial;\">Ce que j\u2019en dis :<\/span><\/span><\/p>\n<p class=\"MsoNormal\"><span style=\"font-size: 10pt; font-family: Arial;\">Merci \u00e0 toi de participer avec autant d\u2019enthousiasme et d&rsquo;efficacit\u00e9 !<\/span><\/p>\n<p class=\"MsoNormal\"><span style=\"font-size: 10pt; font-family: Arial;\">Ensuite ne dis plus jamais \u00ab Gemey, j\u2019ai honte \u00bb, il n\u2019y a aucune honte \u00e0 acheter du maquillage en grande distribution, enfin ! D\u2019abord les produits ne sont pas toujours meilleurs dans les grandes marques, ensuite chacune fait comme elle peut ou veut avec son budget et la fa\u00e7on dont elle souhaite le r\u00e9partir ente les diff\u00e9rents postes.<br \/>\nDonc pas de honte pour \u00e7a, OK ?? ;-) <\/span><\/p>\n<p class=\"MsoNormal\"><span style=\"font-size: 10pt; font-family: Arial;\">Sinon, oui \u00e9videmment il faut maquiller le teint ;-) Je n\u2019en ai pas parl\u00e9 jusqu\u2019ici parce que tu semblais surtout int\u00e9ress\u00e9e par les yeux, mais je ne le dirai jamais assez \u00e7a ne sert \u00e0 rien de maquiller les yeux si ne teint n\u2019est pas<br \/>\ntravaill\u00e9 avant, c\u2019est comme de repeindre une pi\u00e8ce sans lessiver les murs d\u2019abord ;-)<\/span><\/p>\n<p class=\"MsoNormal\"><span style=\"font-size: 10pt; font-family: Arial;\">A notre \u00e2ge presque aucune femme n\u2019a un joli teint sans maquillage, c\u2019est un truc r\u00e9serv\u00e9 aux filles de 14 ans ;-)<\/span><\/p>\n<p class=\"MsoNormal\"><span style=\"font-size: 10pt; font-family: Arial;\">Il faut que tu sois bien conseill\u00e9e, c\u2019est pas facile de choisir un fond de teint et une poudre quand on n\u2019a pas du tout l\u2019habitude ; si tu as des sous je te sugg\u00e8re d\u2019aller chez Armani, leurs produits sont top, sinon essaye de trouver<br \/>\nune vendeuse Sephora pas trop b\u00eate qui pourra te guider dans les stands.<\/span><\/p>\n<p class=\"MsoNormal\"><span style=\"font-size: 10pt; font-family: Arial;\">Perso j\u2019ai le fond de teint Color Clone d\u2019Helena Rubinstein depuis des ann\u00e9es, je l\u2019adore, il est tr\u00e8s fluide et pas trop couvrant, masque ce qu\u2019il faut sans pl\u00e2trer et ne me dess\u00e8che pas la peau. Il doit co\u00fbter 30 \u20ac, environ.<br \/>\nPour la poudre tu n\u2019es pas du tout oblig\u00e9e de taper dans du luxueux, celles de l\u2019Or\u00e9al et MAC sont super (particuli\u00e8rement fines chez MAC) et tournent autour de 15 \u20ac.<\/span><\/p>\n<p class=\"MsoNormal\"><span style=\"font-size: 10pt; font-family: Arial;\">Passons maintenant \u00e0 ces nouveaux maquillages ! ;-)<\/span><\/p>\n<p class=\"MsoNormal\"><span style=\"font-size: 10pt; font-family: Arial;\">Le brun est beau, il pourrait en effet \u00eatre un peu plus soutenu, amis surtout ne charge pas en bas, le but n\u2019est pas que le crayon descende dans les cils (ce qui va t\u2019arrondir l\u2019\u0153il), mais qu\u2019il \u00e9tire en amande. Donc \u00e0 la limite je me demande si je me suis pas plant\u00e9e en te disant d\u2019en mettre au milieu, et s\u2019il ne vaudrait pas mieux se limiter \u00e0 la moiti\u00e9 externe ?<\/span><\/p>\n<p class=\"MsoNormal\"><span style=\"font-size: 10pt; font-family: Arial;\">Le trait du dessus m\u00e9rite d\u2019\u00eatre un peu remont\u00e9 sur la fin, toujours pour remonter l\u2019\u0153il.<\/span><\/p>\n<p class=\"MsoNormal\"><span style=\"font-size: 10pt; font-family: Arial;\">Le maquillage kaki \/ vert de gris a une tr\u00e8s jolie couleur et met spectaculairement ton iris en valeur ! Sans compter qu\u2019\u00e9tant plus clair, il durcit moins le visage et donc vieillit moins, aussi.<br \/>\nAvec les sourcils un peu \u00e9pil\u00e9s sur le dessous, et le fard l\u00e9g\u00e8rement \u00e9tir\u00e9 vers la tempe et moins fort dans le coin interne, \u00e7a devrait \u00eatre parfait !<\/span><\/p>\n<p class=\"MsoNormal\"><span style=\"font-size: 10pt; font-family: Arial;\">Qu\u2019en dis-tu ? Et vous les filles ?<\/span><\/p>\n","protected":false},"excerpt":{"rendered":"<p><img decoding=\"async\" src=\"http:\/\/www.monblogdefille.com\/blog\/wp-content\/uploads\/2008\/03\/petite-grenouille2-200.jpg\" alt=\"petite-grenouille2-200.jpg\" \/><\/p>\n","protected":false},"author":3,"featured_media":0,"comment_status":"open","ping_status":"open","sticky":false,"template":"","format":"standard","meta":{"footnotes":""},"categories":[1],"tags":[],"class_list":["post-92467","post","type-post","status-publish","format-standard","hentry","category-uncategorized"],"_links":{"self":[{"href":"https:\/\/www.monblogdefille.com\/blog\/wp-json\/wp\/v2\/posts\/92467","targetHints":{"allow":["GET"]}}],"collection":[{"href":"https:\/\/www.monblogdefille.com\/blog\/wp-json\/wp\/v2\/posts"}],"about":[{"href":"https:\/\/www.monblogdefille.com\/blog\/wp-json\/wp\/v2\/types\/post"}],"author":[{"embeddable":true,"href":"https:\/\/www.monblogdefille.com\/blog\/wp-json\/wp\/v2\/users\/3"}],"replies":[{"embeddable":true,"href":"https:\/\/www.monblogdefille.com\/blog\/wp-json\/wp\/v2\/comments?post=92467"}],"version-history":[{"count":0,"href":"https:\/\/www.monblogdefille.com\/blog\/wp-json\/wp\/v2\/posts\/92467\/revisions"}],"wp:attachment":[{"href":"https:\/\/www.monblogdefille.com\/blog\/wp-json\/wp\/v2\/media?parent=92467"}],"wp:term":[{"taxonomy":"category","embeddable":true,"href":"https:\/\/www.monblogdefille.com\/blog\/wp-json\/wp\/v2\/categories?post=92467"},{"taxonomy":"post_tag","embeddable":true,"href":"https:\/\/www.monblogdefille.com\/blog\/wp-json\/wp\/v2\/tags?post=92467"}],"curies":[{"name":"wp","href":"https:\/\/api.w.org\/{rel}","templated":true}]}}