{"id":91363,"date":"2007-10-06T12:28:02","date_gmt":"2007-10-06T12:28:02","guid":{"rendered":"http:\/\/localhost\/wordpress\/?p=91363"},"modified":"2008-03-25T17:24:18","modified_gmt":"2008-03-25T16:24:18","slug":"cartographie-subjective-de-la-blogosphere-francaise-episode-2","status":"publish","type":"post","link":"https:\/\/www.monblogdefille.com\/blog\/cartographie-subjective-de-la-blogosphere-francaise-episode-2\/","title":{"rendered":"Cartographie subjective de la blogosph\u00e8re fran\u00e7aise, Episode 2"},"content":{"rendered":"<p class=\"MsoNormal\"><img loading=\"lazy\" decoding=\"async\" src=\"wp-content\/themes\/default\/images\/cartographieblog.jpg\" align=\"right\" border=\"0\" height=\"212\" width=\"300\" \/><span style=\"font-size: 10pt; font-family: Arial\">Alors d\u00e9j\u00e0 l\u2019<u><a href=\"http:\/\/monblogdefille.mabulle.com\/index.php\/2007\/03\/30\/54000-mais-quelle-idee-geniale\" target=\"_blank\" rel=\"noopener\">Episode 1<\/a><\/u> j\u2019avais trouv\u00e9 \u00e7a vachement bien, j\u2019avais \u00e9t\u00e9 souffl\u00e9e par la quantiti\u00e9 de travail que ce truc repr\u00e9sente.<\/span><\/p>\n<p class=\"MsoNormal\"><span style=\"font-size: 10pt; font-family: Arial\">Et ben Christophe a recommenc\u00e9 (Christophe c\u2019est Mr Blogosph\u00e8re subjective, aussi appel\u00e9 <u><a href=\"http:\/\/www.ouinon.net\/index.php\" target=\"_blank\" rel=\"noopener\">Ouinon.net<\/a><\/u>) : d\u2019apr\u00e8s ce qu\u2019il dit, et je soup\u00e7onne ce gar\u00e7on d\u2019\u00eatre modeste et d\u2019en dire plut\u00f4t moins que plus, \u00e7a lui a pris un mois \u00e0 temps complet. D\u00e9mentiel. Une \u00e9tude hyper pouss\u00e9e du nombre de billets, de<br \/>\ncommentaires, de la fr\u00e9quence de publication, des pages et des pages de stats recoup\u00e9es et crois\u00e9es\u2026 pour aboutir \u00e0 <u><a href=\"http:\/\/www.ouinon.net\/index.php?2007\/09\/24\/215-cartograhie-blogosphere-francophone\" target=\"_blank\" rel=\"noopener\">cette jolie carte imaginaire<\/a><\/u>.<\/span>\n<\/p>\n<p class=\"MsoNormal\"><span style=\"font-size: 10pt; font-family: Arial\">Et tout \u00e7a pour le plaisir et la beaut\u00e9 du geste. J\u2019adore ce genre d\u2019initiative (le fait que mon blog y figure en bonne position n\u2019est bien s\u00fbr pas compl\u00e8tement \u00e9tranger \u00e0 ce sentiment ;-)).<\/span><\/p>\n<p class=\"MsoNormal\"><span style=\"font-size: 10pt; font-family: Arial\">Chapeau Mr Ouinon !<\/span><\/p>\n","protected":false},"excerpt":{"rendered":"<p>Alors d\u00e9j\u00e0 l\u2019Episode 1 j\u2019avais trouv\u00e9 \u00e7a vachement bien, j\u2019avais \u00e9t\u00e9 souffl\u00e9e par la quantiti\u00e9 de travail que ce truc repr\u00e9sente. Et ben Christophe a recommenc\u00e9 (Christophe c\u2019est Mr Blogosph\u00e8re subjective, aussi appel\u00e9 Ouinon.net) :&#8230;<br \/> <a class=\"read-more\" href=\"https:\/\/www.monblogdefille.com\/blog\/cartographie-subjective-de-la-blogosphere-francaise-episode-2\/\">Lire la suite \u00bb<\/a><\/p>\n","protected":false},"author":3,"featured_media":0,"comment_status":"open","ping_status":"open","sticky":false,"template":"","format":"standard","meta":{"footnotes":""},"categories":[1477],"tags":[],"class_list":["post-91363","post","type-post","status-publish","format-standard","hentry","category-a-chaque-jour-suffit-son-blog"],"_links":{"self":[{"href":"https:\/\/www.monblogdefille.com\/blog\/wp-json\/wp\/v2\/posts\/91363","targetHints":{"allow":["GET"]}}],"collection":[{"href":"https:\/\/www.monblogdefille.com\/blog\/wp-json\/wp\/v2\/posts"}],"about":[{"href":"https:\/\/www.monblogdefille.com\/blog\/wp-json\/wp\/v2\/types\/post"}],"author":[{"embeddable":true,"href":"https:\/\/www.monblogdefille.com\/blog\/wp-json\/wp\/v2\/users\/3"}],"replies":[{"embeddable":true,"href":"https:\/\/www.monblogdefille.com\/blog\/wp-json\/wp\/v2\/comments?post=91363"}],"version-history":[{"count":0,"href":"https:\/\/www.monblogdefille.com\/blog\/wp-json\/wp\/v2\/posts\/91363\/revisions"}],"wp:attachment":[{"href":"https:\/\/www.monblogdefille.com\/blog\/wp-json\/wp\/v2\/media?parent=91363"}],"wp:term":[{"taxonomy":"category","embeddable":true,"href":"https:\/\/www.monblogdefille.com\/blog\/wp-json\/wp\/v2\/categories?post=91363"},{"taxonomy":"post_tag","embeddable":true,"href":"https:\/\/www.monblogdefille.com\/blog\/wp-json\/wp\/v2\/tags?post=91363"}],"curies":[{"name":"wp","href":"https:\/\/api.w.org\/{rel}","templated":true}]}}