{"id":86680,"date":"2007-09-11T10:26:06","date_gmt":"2007-09-11T10:26:06","guid":{"rendered":"http:\/\/localhost\/wordpress\/?p=86680"},"modified":"2009-07-24T18:31:40","modified_gmt":"2009-07-24T16:31:40","slug":"40-seulement-pff-j-en-ai-bien-plus-que-ca","status":"publish","type":"post","link":"https:\/\/www.monblogdefille.com\/blog\/40-seulement-pff-j-en-ai-bien-plus-que-ca\/","title":{"rendered":"40 seulement ?? Pff, j&rsquo;en ai bien plus que \u00e7a !"},"content":{"rendered":"<p class=\"MsoNormal\"><img loading=\"lazy\" decoding=\"async\" src=\"wp-content\/themes\/default\/images\/corinne_maier.jpg\" border=\"0\" alt=\"\" width=\"174\" height=\"250\" align=\"right\" \/><span style=\"font-size: 10pt; font-family: Arial\">J\u2019ai lu avec beaucoup d\u2019int\u00e9r\u00eat le bouquin de Corinne Maier : <em>No Kid, 40 raisons<br \/>\nde ne pas avoir d\u2019enfant<\/em>.<br \/>\nC\u2019est pas compliqu\u00e9, j\u2019aurais pu l\u2019\u00e9crire moi-m\u00eame tellement je suis d\u2019accord avec ce qu\u2019elle dit. Et j\u2019aime beaucoup son style, hyper anti-politiquement correct et<br \/>\nhyper anti-langue de bois. Un peu provoc mais avec intelligence, jamais au ras<br \/>\ndes p\u00e2querettes, absolument sans masque et sans cin\u00e9ma.<br \/>\nCela dit je con\u00e7ois que pour les gens qui n\u2019ont pas le m\u00eame type d\u2019esprit et sont plus conformistes ou traditionnels dans leur fa\u00e7on de vivre et de penser, ce livre soit tout \u00e0 fait insupportable.<br \/>\nParce que la fille qui dit qu\u2019avoir des enfants c\u2019est compl\u00e8tement naze, en substance<br \/>\n(m\u00eame si elle ne le dit pas comme \u00e7a), \u00e7a ne peut pas plaire \u00e0 tout le monde ;-)<br \/>\nAu-del\u00e0 du style assez provoc, et de la pol\u00e9mique in\u00e9vitable que ce genre de bouquin ne peut manquer de soulever, je trouve \u00e7a r\u00e9confortant de voir qu\u2019enfin on peut \u00e9crire ce genre de choses.<br \/>\nEliette Ab\u00e9cassis a commenc\u00e9 avec <em>Un heureux \u00e9v\u00e8nement<\/em>, Marie Darieussecq avec <em>Le b\u00e9b\u00e9<\/em>, elles sont de plus en plus nombreuses \u2013 et elles en ont, des enfants, elles savent de quoi elles parlent \u2013 \u00e0 s\u2019exprimer pour dire que non, la maternit\u00e9 n\u2019est pas une vall\u00e9e de roses.<br \/>\nEt \u00e7a, je trouve \u00e7a dr\u00f4lement important : \u00e7a marque peut-\u00eatre enfin une \u00e9volution dans la vision de la femme, pas obligatoirement m\u00e8re.<\/span><\/p>\n<p class=\"MsoNormal\"><span style=\"font-family: arial,helvetica,sans-serif;\">PS : je vous engage \u00e0 aller lire le <span style=\"text-decoration: underline;\"><a href=\"http:\/\/mespetitesidees.mabulle.com\/index.php\/2007\/06\/04\/66634-j-aime-pas\" target=\"_blank\" rel=\"noopener\">tr\u00e8s bon billet de Delph<\/a><\/span> sur ce sujet, \u00e7a vaut vraiment la peine.<br \/>\nEt pour les nouvelles arrivantes, je vous signale que j&rsquo;avais d\u00e9j\u00e0 \u00e9voqu\u00e9 cette question sur mon blog <span style=\"text-decoration: underline;\"><a href=\"http:\/\/monblogdefille.mabulle.com\/index.php\/2006\/07\/24\/13273-des-enfants-pas-pour-moi-merci\" target=\"_blank\" rel=\"noopener\">dans ce billet<\/a><\/span>, comme \u00e7a vous avez tout l&rsquo;histoirique ;-) <\/span><\/p>\n","protected":false},"excerpt":{"rendered":"<p>J\u2019ai lu avec beaucoup d\u2019int\u00e9r\u00eat le bouquin de Corinne Maier : No Kid, 40 raisons de ne pas avoir d\u2019enfant. C\u2019est pas compliqu\u00e9, j\u2019aurais pu l\u2019\u00e9crire moi-m\u00eame tellement je suis d\u2019accord avec ce qu\u2019elle dit&#8230;.<br \/> <a class=\"read-more\" href=\"https:\/\/www.monblogdefille.com\/blog\/40-seulement-pff-j-en-ai-bien-plus-que-ca\/\">Lire la suite \u00bb<\/a><\/p>\n","protected":false},"author":3,"featured_media":0,"comment_status":"open","ping_status":"open","sticky":false,"template":"","format":"standard","meta":{"footnotes":""},"categories":[1481],"tags":[20034],"class_list":["post-86680","post","type-post","status-publish","format-standard","hentry","category-malgre-les-apparences-je-sais-lire","tag-maternite"],"_links":{"self":[{"href":"https:\/\/www.monblogdefille.com\/blog\/wp-json\/wp\/v2\/posts\/86680","targetHints":{"allow":["GET"]}}],"collection":[{"href":"https:\/\/www.monblogdefille.com\/blog\/wp-json\/wp\/v2\/posts"}],"about":[{"href":"https:\/\/www.monblogdefille.com\/blog\/wp-json\/wp\/v2\/types\/post"}],"author":[{"embeddable":true,"href":"https:\/\/www.monblogdefille.com\/blog\/wp-json\/wp\/v2\/users\/3"}],"replies":[{"embeddable":true,"href":"https:\/\/www.monblogdefille.com\/blog\/wp-json\/wp\/v2\/comments?post=86680"}],"version-history":[{"count":0,"href":"https:\/\/www.monblogdefille.com\/blog\/wp-json\/wp\/v2\/posts\/86680\/revisions"}],"wp:attachment":[{"href":"https:\/\/www.monblogdefille.com\/blog\/wp-json\/wp\/v2\/media?parent=86680"}],"wp:term":[{"taxonomy":"category","embeddable":true,"href":"https:\/\/www.monblogdefille.com\/blog\/wp-json\/wp\/v2\/categories?post=86680"},{"taxonomy":"post_tag","embeddable":true,"href":"https:\/\/www.monblogdefille.com\/blog\/wp-json\/wp\/v2\/tags?post=86680"}],"curies":[{"name":"wp","href":"https:\/\/api.w.org\/{rel}","templated":true}]}}