{"id":85905,"date":"2007-09-07T09:02:21","date_gmt":"2007-09-07T08:02:21","guid":{"rendered":"http:\/\/localhost\/wordpress\/?p=85905"},"modified":"2009-01-17T23:16:02","modified_gmt":"2009-01-17T22:16:02","slug":"les-yeux-de-mussaka","status":"publish","type":"post","link":"https:\/\/www.monblogdefille.com\/blog\/les-yeux-de-mussaka\/","title":{"rendered":"Les yeux de mussaka"},"content":{"rendered":"<p class=\"MsoNormal\"><img loading=\"lazy\" decoding=\"async\" src=\"wp-content\/themes\/default\/images\/mussaka.JPG\" border=\"0\" height=\"194\" width=\"454\" \/><\/p>\n<p class=\"MsoNormal\"><span style=\"font-size: 10pt; font-family: Arial\">Mussaka voudrait des conseils de maquillage des yeux et d\u2019\u00e9pilation des sourcils, voici <u>ce qu\u2019elle nous dit<\/u> :<\/span><\/p>\n<p class=\"MsoNormal\"><span style=\"font-size: 10pt; font-family: Arial\">\u00ab J&rsquo;ai de grands yeux (ronds presque) et je souhaite un maquillage qui n&rsquo;agrandisse pas mes yeux en hauteur mais qui les rende plut\u00f4t un peu plus en amande. J&rsquo;aime le brun et le vert. J&rsquo;aime aussi le noir et le gris mais je crois que \u00e7a me donnerait mauvaise mine. \u00bb<\/span><\/p>\n<p class=\"MsoNormal\"><span style=\"font-size: 10pt; font-family: Arial\">Voil\u00e0 <u>ce que j\u2019en pense<\/u> :<\/span><\/p>\n<p class=\"MsoNormal\"><span style=\"font-size: 10pt; font-family: Arial\">La couleur de te yeux, avec celle de tes cheveux et de ta peau, est sublime. Il faut en tirer parti ! ;-) (je les trouve pas du tout ronds, cela dit la photo est peut-\u00eatre trompeuse ?).<\/span><\/p>\n<p class=\"MsoNormal\"><span style=\"font-size: 10pt; font-family: Arial\">Pour les <strong>sourcils<\/strong>, il semble que tu souffres comme nous toutes du syndrome du sourcil gauche, qui est moins bien trac\u00e9 que le droit.<br \/>\nCelui-ci est quasi parfait, en revanche : tu peux enlever deux ou trois poils au centre, et quelques uns dessous au niveau du premier tiers interne (nom de dieu, c\u2019est pas facile \u00e0 expliquer et je suis nulle en Photoshop donc je peux<br \/>\nm\u00eame pas dessiner sur la photo, c\u2019est compr\u00e9hensible ou que pouic ??), mais il ne faut pas en retirer plus. <\/span>\n<\/p>\n<p class=\"MsoNormal\"><span style=\"font-size: 10pt; font-family: Arial\">Pour le <strong>maquillage <\/strong>\u00e0 mon avis tu peux tout te permettre c\u00f4t\u00e9 couleurs, avec pour ce qui me concerne une pr\u00e9f\u00e9rence pour les bruns dor\u00e9s, les bronzes, les kakis satin\u00e9s, les ors assourdis. Pourquoi pas du prune si tu aimes, moi j\u2018aime pas cette couleur mais \u00e7a va bien aux yeux verts, il faut le reconna\u00eetre (mais \u00e7a peut donner mauvaise mine).<\/span><\/p>\n<p class=\"MsoNormal\"><span style=\"font-size: 10pt; font-family: Arial\">Attention \u00e0 ne pas foncer trop le coin externe de l\u2019\u0153il, \u00e7a les rapprocherait inutilement. Fais plut\u00f4t par-dessus le fard<span>  <\/span>\u00e0 paupi\u00e8re, un trait l\u00e9ger \u00e0 la poudre ou au crayon noir ou marron (estomp\u00e9, pas de trait brutal d\u2019eye-liner !) \u00e0 partir du premier tiers et en tirant un peu vers la tempe, au-dessus et en-dessous si \u00e7a te dit, sinon seulement au-dessus.<\/span><\/p>\n<p class=\"MsoNormal\"><span style=\"font-size: 10pt; font-family: Arial\">Avec un petit coup d\u2019anti-cernes avant tout \u00e7a, sur la partie interne du cerne (je souligne au passage que tu t\u2019en sors dr\u00f4lement bien, si tu voyais le miens, de cernes !), pour rafra\u00eechir <span> <\/span>le regard ;-)<\/span><\/p>\n<p class=\"MsoNormal\"><span style=\"font-size: 10pt; font-family: Arial\">Du mascara noir bien s\u00fbr, en haut comme toujours, le bas \u00e9tant soulign\u00e9 par l\u2019ombre fonc\u00e9e ou le trait de crayon estomp\u00e9. Yep je sais, je suis pas fan du mascara sur les cils du bas qui fait des yeux de poup\u00e9e, \u00e7a veut pas dire qu\u2019il faut pas le faire, mais on me demande mon avis, je le donne ;-)<\/span><\/p>\n<p class=\"MsoNormal\"><span style=\"font-size: 10pt; font-family: Arial\">Qu\u2019en penses-tu ? Et vous les girls ?<\/span><\/p>\n<p class=\"MsoNormal\">&nbsp;<\/p>\n<p class=\"MsoNormal\"><span style=\"font-size: 10pt; font-family: Arial\"><u><strong>Le r\u00e9sultat du samedi 8 septembre<\/strong><\/u><strong> : <\/strong><\/span><\/p>\n<p class=\"MsoNormal\"><strong><font face=\"arial,helvetica,sans-serif\">Maquillage 1 : <\/font><\/strong><\/p>\n<p class=\"MsoNormal\"><img loading=\"lazy\" decoding=\"async\" src=\"wp-content\/themes\/default\/images\/mussaka2.jpg\" border=\"0\" height=\"184\" width=\"500\" \/><\/p>\n<p class=\"MsoNormal\"><img loading=\"lazy\" decoding=\"async\" src=\"wp-content\/themes\/default\/images\/mussaka3.jpg\" border=\"0\" height=\"195\" width=\"500\" \/><\/p>\n<p class=\"MsoNormal\">&nbsp;<\/p>\n<p class=\"MsoNormal\"><strong><font face=\"arial,helvetica,sans-serif\">Maquillage 2 :<\/font><\/strong><\/p>\n<p class=\"MsoNormal\"><img loading=\"lazy\" decoding=\"async\" src=\"wp-content\/themes\/default\/images\/mussaka4.jpg\" border=\"0\" height=\"181\" width=\"500\" \/><\/p>\n<p class=\"MsoNormal\"><img loading=\"lazy\" decoding=\"async\" src=\"wp-content\/themes\/default\/images\/mussaka5.jpg\" border=\"0\" height=\"206\" width=\"500\" \/><\/p>\n<p class=\"MsoNormal\"><u><span style=\"font-size: 10pt; font-family: Arial\">Ce que nous dis Mussaka<\/span><\/u><span style=\"font-size: 10pt; font-family: Arial\"> :<\/span><\/p>\n<p class=\"MsoNormal\"><span style=\"font-size: 10pt; font-family: Arial\">\u00ab Bonjour!<\/span><\/p>\n<p class=\"MsoNormal\"><span style=\"font-size: 10pt; font-family: Arial\">Bon je me demande dans quoi je me suis embarqu\u00e9e. Comme je l&rsquo;ai dit je n&rsquo;ai pas eu le temps hier de voir tout \u00e7a. Ce matin, j&rsquo;ai fil\u00e9 chez Monoprix acheter du fard \u00e0 paupi\u00e8re, un pinceau, une brosse \u00e0 cil&#8230; J&rsquo;ai retouch\u00e9 mes sourcils (mais je m&rsquo;aper\u00e7ois sur la photo qu&rsquo;il reste quelques poils au centre, zut!)<\/span><\/p>\n<p class=\"MsoNormal\"><span style=\"font-size: 10pt; font-family: Arial\">J&rsquo;ai lu tous les commentaires mais pour bien faire, il faudrait appliquer chacun d&rsquo;entre eux et pour cela, changer le maquillage \u00e0 chaque fois. Alors pour aller vite et satisfaire les curieuses, j&rsquo;ai fait un premier essai (ce sont els 2<br \/>\npremi\u00e8res photos) puis un second (2 photos suivantes) comme ceci :<\/span>\n<\/p>\n<p class=\"MsoNormal\"><span style=\"font-size: 10pt; font-family: Arial\">&#8211; ombre \u00e0 paupi\u00e8re marron avec une ombre claire sur la paupi\u00e8re mobile? Trait estomp\u00e9 marron, mascara noir. Pas de mascara ni crayon en bas, je n&rsquo;aime pas (enfin pas sur moi). Les cernes sont toujours l\u00e0 mais je n&rsquo;ai pas eu le temps d&rsquo;aller \u00e0 la recherche de l&rsquo;anti-cerne miraculeux.<\/span><\/p>\n<p class=\"MsoNormal\"><span style=\"font-size: 10pt; font-family: Arial\">&#8211; m\u00eame ombre \u00e0 paupi\u00e8re. J&rsquo;ai juste mis un trait de kh\u00f4l noir (qui bavait&#8230;) sous l&rsquo;ombre \u00e0 paupi\u00e8re et non contente du r\u00e9sultat, j&rsquo;ai ajout\u00e9 un trait l\u00e9ger marron sur le fard \u00e0 paupi\u00e8re.<\/span><\/p>\n<p class=\"MsoNormal\"><span style=\"font-size: 10pt; font-family: Arial\">Je n&rsquo;aime pas que mes yeux brillent: sans doute ai-je mal rinc\u00e9 l&rsquo;huile d&rsquo;amande douce servant \u00e0 d\u00e9maquiller. Faudrait-il alors mettre de la poudre pour matifier le tout ? \u00bb<\/span><\/p>\n<p class=\"MsoNormal\"><u><span style=\"font-size: 10pt; font-family: Arial\">Ce que j\u2019en dis<\/span><\/u><span style=\"font-size: 10pt; font-family: Arial\"> :<\/span><\/p>\n<p class=\"MsoNormal\"><span style=\"font-size: 10pt; font-family: Arial\">Tes sourcils sont tr\u00e8s beaux, la ligne est tr\u00e8s r\u00e9ussie et les quelques poils retir\u00e9s en-dessous ouvrent ton regard (attention, le droit est un peu plus \u00e9pil\u00e9 que le gauche, reste plut\u00f4t sur le style du gauche pour ne pas te retrouver avec des sourcils trop fins). Tu dois pouvoir retirer quelques poils sur le dessus, l\u00e0 o\u00f9 \u00e7a va vers la tempe, et \u00e7a sera parfait.<\/span><\/p>\n<p class=\"MsoNormal\"><span style=\"font-size: 10pt; font-family: Arial\">Le premier maquillage est tr\u00e8s naturel et joli, on croirait que tu n\u2019est pas maquill\u00e9e, c\u2019est toi en mieux, ce qui est le propre d\u2019un maquillage discret r\u00e9ussi ;-)<\/span><\/p>\n<p class=\"MsoNormal\"><span style=\"font-size: 10pt; font-family: Arial\">Bien s\u00fbr le fait que tu n\u2019aies maquill\u00e9 que les yeux joue, avec un teint un peu plus travaill\u00e9 le c\u00f4t\u00e9 brillant dispara\u00eetrait compl\u00e8tement (donc n\u2019h\u00e9site pas \u00e0 poudrer dessous, sans compter que sinon le fard \u00e0 paupi\u00e8re ne tiendra pas).<\/span><\/p>\n<p class=\"MsoNormal\"><span style=\"font-size: 10pt; font-family: Arial\">J\u2019aurais sans doute pris un fard tirant plus sur le bronze, mais pour commencer ce marron est tout \u00e0 fait correct.<br \/>\n<\/span><\/p>\n<p class=\"MsoNormal\"><span style=\"font-size: 10pt; font-family: Arial\">En revanche on ne voit pas assez le trait plus fonc\u00e9 \u00e0 la racine des cils sup\u00e9rieurs, du coup on n\u2019a pas l\u2019effet \u00e9tir\u00e9 escompt\u00e9. Tu dois pouvoir y aller plus franchement sur le kh\u00f4l, de toutes fa\u00e7ons s\u2019il y en a trop tu peux toujours en<br \/>\nenlever ensuite.<br \/>\n<\/span><\/p>\n<p class=\"MsoNormal\"><span style=\"font-size: 10pt; font-family: Arial\">Peut-\u00eatre devrais-tu essayer, malgr\u00e9 le fait que tu n\u2019aimes pas trop, essayer au moins une fois de mettre tr\u00e8s peu de crayon marron \u00e0 la racine des cils inf\u00e9rieurs, dans le coin externe ? Je pense que \u00e7a intensifierait beaucoup ton<br \/>\nregard !<\/span>\n<\/p>\n<p class=\"MsoNormal\"><font face=\"arial,helvetica,sans-serif\">Qu&rsquo;en dis-tu ? Et vous les filles ? <\/font><\/p>\n<p class=\"MsoNormal\">&nbsp;<\/p>\n","protected":false},"excerpt":{"rendered":"<p><img decoding=\"async\" src=\"http:\/\/www.monblogdefille.com\/blog\/wp-content\/uploads\/2008\/03\/mussaka-200.jpg\" alt=\"mussaka-200.jpg\" \/><\/p>\n","protected":false},"author":3,"featured_media":0,"comment_status":"open","ping_status":"open","sticky":false,"template":"","format":"standard","meta":{"footnotes":""},"categories":[1],"tags":[],"class_list":["post-85905","post","type-post","status-publish","format-standard","hentry","category-uncategorized"],"_links":{"self":[{"href":"https:\/\/www.monblogdefille.com\/blog\/wp-json\/wp\/v2\/posts\/85905","targetHints":{"allow":["GET"]}}],"collection":[{"href":"https:\/\/www.monblogdefille.com\/blog\/wp-json\/wp\/v2\/posts"}],"about":[{"href":"https:\/\/www.monblogdefille.com\/blog\/wp-json\/wp\/v2\/types\/post"}],"author":[{"embeddable":true,"href":"https:\/\/www.monblogdefille.com\/blog\/wp-json\/wp\/v2\/users\/3"}],"replies":[{"embeddable":true,"href":"https:\/\/www.monblogdefille.com\/blog\/wp-json\/wp\/v2\/comments?post=85905"}],"version-history":[{"count":0,"href":"https:\/\/www.monblogdefille.com\/blog\/wp-json\/wp\/v2\/posts\/85905\/revisions"}],"wp:attachment":[{"href":"https:\/\/www.monblogdefille.com\/blog\/wp-json\/wp\/v2\/media?parent=85905"}],"wp:term":[{"taxonomy":"category","embeddable":true,"href":"https:\/\/www.monblogdefille.com\/blog\/wp-json\/wp\/v2\/categories?post=85905"},{"taxonomy":"post_tag","embeddable":true,"href":"https:\/\/www.monblogdefille.com\/blog\/wp-json\/wp\/v2\/tags?post=85905"}],"curies":[{"name":"wp","href":"https:\/\/api.w.org\/{rel}","templated":true}]}}