{"id":84564,"date":"2007-08-31T10:14:52","date_gmt":"2007-08-31T10:14:52","guid":{"rendered":"http:\/\/localhost\/wordpress\/?p=84564"},"modified":"2008-03-25T17:11:27","modified_gmt":"2008-03-25T16:11:27","slug":"troc-de-mascara-chez-clinique","status":"publish","type":"post","link":"https:\/\/www.monblogdefille.com\/blog\/troc-de-mascara-chez-clinique\/","title":{"rendered":"Troc de mascara chez Clinique"},"content":{"rendered":"<p class=\"MsoNormal\"><img loading=\"lazy\" decoding=\"async\" src=\"wp-content\/themes\/default\/images\/trocmascara01.jpg\" align=\"left\" border=\"0\" height=\"206\" width=\"206\" \/><span style=\"font-size: 10pt; font-family: Arial\">Fid\u00e8le au poste, Christine, notre Ministre des Bons Plans Girlies, nous envoie cette info :<\/span><\/p>\n<p class=\"MsoNormal\"><span style=\"font-size: 10pt; font-family: Arial\">\u00ab Ce petit mot juste pour vous dire que l&rsquo;info vue dans les commentaires sur le<br \/>\n\u00ab\u00a0Troc Mascara\u00a0\u00bb de Clinique est vrai &#8230; <\/span>\n<\/p>\n<p class=\"MsoNormal\"><span style=\"font-size: 10pt; font-family: Arial\">Ca commence le 3 et dure jusqu&rsquo;au 15 septembre : en \u00e9change de votre vieux mascara (quelle qu&rsquo;en soit la marque) on vous remettra une dose d&rsquo;essai pour 6 semaines de l&rsquo;un des deux nouveaux mascaras Clinique au choix.<\/span><\/p>\n<p class=\"MsoNormal\"><span style=\"font-size: 10pt; font-family: Arial\">Ca semble marcher chez tous les d\u00e9positaires de la marque &#8230; En tout cas, ici, en Bretagne, \u00e7a marche chez S\u00e9phora et Beauty success (tr\u00e8s province, pourtant !). \u00bb<\/span><\/p>\n<p class=\"MsoNormal\"><span style=\"font-size: 10pt; font-family: Arial\">Merci Christine, tu es une super ministresse ! ;-)<\/span><\/p>\n<p class=\"MsoNormal\"><strong>Edit du samedi 1er septembre \u00e0 14h53<\/strong> : Les filles ! Les filles ! Je sors de chez Sephora, ils ont d\u00e9j\u00e0 commenc\u00e9 l&rsquo;op\u00e9ration troc de mascara il y a deux jours, \u00e7a marche super bien et il ne faut pas tra\u00eener ! J&rsquo;ai regard\u00e9 dans le pot des vieux mascaras, il y a vraiment de tout ; je voulais faire une photo pour vous montrer mais y z&rsquo;ont pas voulu ;-)<\/p>\n<p class=\"MsoNormal\"><strong>Edit du dimanche 2 \u00e0 19h07<\/strong> : alice nous signale que l&rsquo;op\u00e9ration ne fonctionne pas au Sephora des Champs Elys\u00e9es, inutile d&rsquo;y tra\u00eener vos vieux mascaras ;-)<\/p>\n","protected":false},"excerpt":{"rendered":"<p>Fid\u00e8le au poste, Christine, notre Ministre des Bons Plans Girlies, nous envoie cette info : \u00ab Ce petit mot juste pour vous dire que l&rsquo;info vue dans les commentaires sur le \u00ab\u00a0Troc Mascara\u00a0\u00bb de Clinique&#8230;<br \/> <a class=\"read-more\" href=\"https:\/\/www.monblogdefille.com\/blog\/troc-de-mascara-chez-clinique\/\">Lire la suite \u00bb<\/a><\/p>\n","protected":false},"author":3,"featured_media":0,"comment_status":"open","ping_status":"open","sticky":false,"template":"","format":"standard","meta":{"footnotes":""},"categories":[14974],"tags":[19952],"class_list":["post-84564","post","type-post","status-publish","format-standard","hentry","category-bons-plans","tag-mascara"],"_links":{"self":[{"href":"https:\/\/www.monblogdefille.com\/blog\/wp-json\/wp\/v2\/posts\/84564","targetHints":{"allow":["GET"]}}],"collection":[{"href":"https:\/\/www.monblogdefille.com\/blog\/wp-json\/wp\/v2\/posts"}],"about":[{"href":"https:\/\/www.monblogdefille.com\/blog\/wp-json\/wp\/v2\/types\/post"}],"author":[{"embeddable":true,"href":"https:\/\/www.monblogdefille.com\/blog\/wp-json\/wp\/v2\/users\/3"}],"replies":[{"embeddable":true,"href":"https:\/\/www.monblogdefille.com\/blog\/wp-json\/wp\/v2\/comments?post=84564"}],"version-history":[{"count":0,"href":"https:\/\/www.monblogdefille.com\/blog\/wp-json\/wp\/v2\/posts\/84564\/revisions"}],"wp:attachment":[{"href":"https:\/\/www.monblogdefille.com\/blog\/wp-json\/wp\/v2\/media?parent=84564"}],"wp:term":[{"taxonomy":"category","embeddable":true,"href":"https:\/\/www.monblogdefille.com\/blog\/wp-json\/wp\/v2\/categories?post=84564"},{"taxonomy":"post_tag","embeddable":true,"href":"https:\/\/www.monblogdefille.com\/blog\/wp-json\/wp\/v2\/tags?post=84564"}],"curies":[{"name":"wp","href":"https:\/\/api.w.org\/{rel}","templated":true}]}}