{"id":84168,"date":"2007-08-29T09:46:54","date_gmt":"2007-08-29T09:46:54","guid":{"rendered":"http:\/\/localhost\/wordpress\/?p=84168"},"modified":"2008-03-17T20:28:15","modified_gmt":"2008-03-17T19:28:15","slug":"ma-vie-avant-helene-par-fantomette","status":"publish","type":"post","link":"https:\/\/www.monblogdefille.com\/blog\/ma-vie-avant-helene-par-fantomette\/","title":{"rendered":"Ma vie avant H\u00e9l\u00e8ne, par Fantomette"},"content":{"rendered":"<p class=\"MsoNormal\"><img loading=\"lazy\" decoding=\"async\" src=\"wp-content\/themes\/default\/images\/tanjore_ecolieres.jpg\" align=\"left\" border=\"0\" height=\"188\" hspace=\"5\" width=\"250\" \/><span style=\"font-size: 10pt; font-family: Arial\">\u00ab Ma vie \u00e9tait si simple avant, je me levais \u00e0 la derni\u00e8re seconde, attrapais au vol caf\u00e9 et mascara et hop, un coup sur les cils en guise de maquillage et basta.<br \/>\nJ&rsquo;\u00e9tais heureuse \u00e0 l&rsquo;\u00e9poque, je me maquillais en 4 secondes et pouvais \u00e0 loisir attendre les 18 \u00ab repeat \u00bb du r\u00e9veil avant d&rsquo;\u00e9merger enfin et de courir apr\u00e8s le bus le mascara dans la poche et le <u><a href=\"http:\/\/www.mobilegazette.com\/images\/siemens-xelibri-6.jpg\" target=\"_blank\" rel=\"noopener\">xelibri 6<\/a><\/u> dans l&rsquo;autre.<br \/>\n<!--[if !supportLineBreakNewLine]--><br \/>\n<!--[endif]-->Et un jour, au hasard du surf, <u><a href=\"http:\/\/monblogdefille.mabulle.com\/index.php\/2006\/11\/15\/13389-lecons-de-maquillage-part-one-les-yeux-sauf-que-non\" target=\"_blank\" rel=\"noopener\">je tombe ici<\/a><\/u>.<br \/>\nEt depuis, je vis un enfer.<br \/>\nJ&rsquo;ai du jeter tous mes fond de teint qui moisissaient de ne pas servir et en racheter des neufs, j&rsquo;ai du acheter de la poudre, du blush, de l&rsquo;anti-cernes et du fard \u00e0 paupi\u00e8res.<br \/>\n<!--[if !supportLineBreakNewLine]--><br \/>\n<!--[endif]-->Et d\u00e9sormais je vis un long calvaire matin et soir. D\u00e8s que je saisis mon mascara, j&rsquo;entends H\u00e9l\u00e8ne qui gronde dans mon esprit \u00ab \u00e7a ne sert \u00e0 rien de se maquiller les yeux si on a pas travaill\u00e9 le teint avant [\u2026] on fait les choses dans l&rsquo;ordre ou on ne les fait pas \u00bb, et, terroris\u00e9e, je repose mon mascara et je sors mon escadron de pinceaux, fond de teint, blush et consorts pour me faire un teint parfait avant d&rsquo;oser, enfin, maquiller mes yeux.<br \/>\n<!--[if !supportLineBreakNewLine]--><br \/>\n<!--[endif]-->Et le soir, quand je vais me coucher et commence \u00e0 me mettre en boule sous la couette, H\u00e9l\u00e8ne r\u00e9sonne encore dans mon esprit, m&rsquo;enjoignant de me relever tout de suite et de me d\u00e9maquiller avant de me recoucher. La culpabilit\u00e9 m&rsquo;envahit doucement mais non, je suis couch\u00e9e et fatigu\u00e9e, je me rel\u00e8ve pas. Puis quand la pression du remords devient insupportable je bondis hors de mon lit (au grand \u00e9tonnement de l&rsquo;Homme qui me lance un regard dubitatif) et me rue dans la salle de bain sur les cotons et mon eau d\u00e9maquillante, ma cr\u00e8me de nuit et ma lotion.<br \/>\n<!--[if !supportLineBreakNewLine]--><br \/>\n<!--[endif]-->Je n&rsquo;ose plus, H\u00e9l\u00e8ne me poursuit mentalement de ses menaces de vieillir pr\u00e9matur\u00e9ment, d&rsquo;avoir le teint gris et des mines de sel si je ne me maquille et d\u00e9maquille pas soigneusement matin et soir. Et attendez, elle me dit aussi que m\u00eame le dimanche o\u00f9 je ne suis pas maquill\u00e9e je dois me d\u00e9maquiller quand m\u00eame ! Mais je r\u00eave !<br \/>\nMais je me r\u00e9signe et fais.<br \/>\nElle dictatrise ma salle de bain et ma trousse \u00e0 maquillage et je me souviens encore avec nostalgie quand j&rsquo;\u00e9tais libre.<br \/>\n<!--[if !supportLineBreakNewLine]--><br \/>\n<!--[endif]-->Libre d&rsquo;aller travailler le cil mascaris\u00e9 et le nez luisant, le teint gris et le cerne mauve.<br \/>\nAlors merci H\u00e9l\u00e8ne\u2026<\/span><\/p>\n<p>Sign\u00e9 : Fantomette \u00bb<\/p>\n","protected":false},"excerpt":{"rendered":"<p>\u00ab Ma vie \u00e9tait si simple avant, je me levais \u00e0 la derni\u00e8re seconde, attrapais au vol caf\u00e9 et mascara et hop, un coup sur les cils en guise de maquillage et basta. J&rsquo;\u00e9tais heureuse&#8230;<br \/> <a class=\"read-more\" href=\"https:\/\/www.monblogdefille.com\/blog\/ma-vie-avant-helene-par-fantomette\/\">Lire la suite \u00bb<\/a><\/p>\n","protected":false},"author":3,"featured_media":0,"comment_status":"open","ping_status":"open","sticky":false,"template":"","format":"standard","meta":{"footnotes":""},"categories":[5377],"tags":[],"class_list":["post-84168","post","type-post","status-publish","format-standard","hentry","category-o-toi-lectrice"],"_links":{"self":[{"href":"https:\/\/www.monblogdefille.com\/blog\/wp-json\/wp\/v2\/posts\/84168","targetHints":{"allow":["GET"]}}],"collection":[{"href":"https:\/\/www.monblogdefille.com\/blog\/wp-json\/wp\/v2\/posts"}],"about":[{"href":"https:\/\/www.monblogdefille.com\/blog\/wp-json\/wp\/v2\/types\/post"}],"author":[{"embeddable":true,"href":"https:\/\/www.monblogdefille.com\/blog\/wp-json\/wp\/v2\/users\/3"}],"replies":[{"embeddable":true,"href":"https:\/\/www.monblogdefille.com\/blog\/wp-json\/wp\/v2\/comments?post=84168"}],"version-history":[{"count":0,"href":"https:\/\/www.monblogdefille.com\/blog\/wp-json\/wp\/v2\/posts\/84168\/revisions"}],"wp:attachment":[{"href":"https:\/\/www.monblogdefille.com\/blog\/wp-json\/wp\/v2\/media?parent=84168"}],"wp:term":[{"taxonomy":"category","embeddable":true,"href":"https:\/\/www.monblogdefille.com\/blog\/wp-json\/wp\/v2\/categories?post=84168"},{"taxonomy":"post_tag","embeddable":true,"href":"https:\/\/www.monblogdefille.com\/blog\/wp-json\/wp\/v2\/tags?post=84168"}],"curies":[{"name":"wp","href":"https:\/\/api.w.org\/{rel}","templated":true}]}}