{"id":74840,"date":"2007-07-09T08:46:18","date_gmt":"2007-07-09T06:46:18","guid":{"rendered":"http:\/\/localhost\/wordpress\/?p=74840"},"modified":"2011-12-31T18:41:21","modified_gmt":"2011-12-31T17:41:21","slug":"nosferatu-mon-frere","status":"publish","type":"post","link":"https:\/\/www.monblogdefille.com\/blog\/nosferatu-mon-frere\/","title":{"rendered":"Nosferatu, mon fr\u00e8re !"},"content":{"rendered":"<p class=\"MsoNormal\"><img loading=\"lazy\" decoding=\"async\" src=\"wp-content\/themes\/default\/images\/dracula.jpg\" align=\"left\" border=\"0\" height=\"240\" hspace=\"5\" width=\"180\" \/><span style=\"font-size: 10pt; font-family: Arial\">Les filles y a un sujet majeur dont il faut ABSOLUMENT que je m\u2018entretienne avec vous, faute de quoi \u00e7a sera la fin du monde (au minimum) :<br \/>\nJe suis totalement effar\u00e9e par les gens qui se mettent au soleil \u00e0 la terrasse des caf\u00e9s. Ou qui se font bronzer en pleine ville. Ce genre de trucs d\u00e9ments avec le soleil. Ca me fait froid dans le dos (je me comprends, dans le cas pr\u00e9sent il serait plus juste de dire que \u00e7a me ferait transpirer d\u2019horreur).<br \/>\nParce que je ne SUPPORTE pas de me mettre au soleil si je ne suis pas en maillot de bain, avec plein de cr\u00e8me solaire \u00e0 port\u00e9e de main, et de l\u2019eau fra\u00eeche \u00e0 proximit\u00e9 dans laquelle me plonger toutes les quinze minutes sinon je br\u00fble. Ce sont les conditions incontournables pour que j\u2019arrive \u00e0 me faire bronzer (cons\u00e9quence : je suis blanche la plupart du temps).<br \/>\nJamais je ne fais des choses aussi ahurissantes que d\u00e9jeuner au soleil ! Dans la rue je traverse syst\u00e9matiquement pour \u00eatre c\u00f4t\u00e9 ombre, un parasol ne suffit pas \u00e0 me mettre au frais (un parasol ? ce bout de tissu ridicule ? non mais laissez-moi rire ! il me faut de la vraie ombre !) et si j\u2019ai un demi-orteil qui d\u00e9passe j\u2019ai l\u2019impression que je vais imploser.<br \/>\nEn fait c\u2019est pas compliqu\u00e9, comme les vampires, si on me met au soleil je fais shhhhhhhh avec un rictus horrifi\u00e9, et je me carapate \u00e0 l\u2019ombre de peur d\u2019y laisser ma peau et ma sant\u00e9.<br \/>\nD\u00e9j\u00e0 j\u2019ai horreur d\u2019avoir chaud, et chaque ann\u00e9e qui passe voit s\u2019abaisser mon seuil de tol\u00e9rance (cette ann\u00e9e au-del\u00e0 de 18\u00b0 je souffre, moi je dis avec le r\u00e9chauffement de la plan\u00e8te je suis pas sortie du bois) ; ensuite j\u2019ai<br \/>\nl\u2019impression de me rider \u00e0 vue d\u2019\u0153il d\u00e8s qu\u2019un rayon me touche, si je suis pas couverte d\u2019indice 92. Roh chacun sa folie hein, au moins la mienne ne fait de mal \u00e0 personne ;-)<br \/>\nDu coup quand je vois les hordes de gens qui crament volontairement \u00e0 l\u2019heure du d\u00e9j, j\u2019hallucine ma race \u00e0 fond les ballons. J\u2019ai presque envie de leur demander comment ils supportent un truc pareil.<br \/>\nAvouez qu\u2019il y a de quoi r\u00e9veiller le Secr\u00e9taire G\u00e9naral de l\u2019ONU, voire m\u00eame alerter le pape.<\/span><\/p>\n","protected":false},"excerpt":{"rendered":"<p>Les filles y a un sujet majeur dont il faut ABSOLUMENT que je m\u2018entretienne avec vous, faute de quoi \u00e7a sera la fin du monde (au minimum) : Je suis totalement effar\u00e9e par les gens&#8230;<br \/> <a class=\"read-more\" href=\"https:\/\/www.monblogdefille.com\/blog\/nosferatu-mon-frere\/\">Lire la suite \u00bb<\/a><\/p>\n","protected":false},"author":3,"featured_media":0,"comment_status":"open","ping_status":"open","sticky":false,"template":"","format":"standard","meta":{"footnotes":""},"categories":[1489],"tags":[19961],"class_list":["post-74840","post","type-post","status-publish","format-standard","hentry","category-le-soin","tag-soleil"],"_links":{"self":[{"href":"https:\/\/www.monblogdefille.com\/blog\/wp-json\/wp\/v2\/posts\/74840","targetHints":{"allow":["GET"]}}],"collection":[{"href":"https:\/\/www.monblogdefille.com\/blog\/wp-json\/wp\/v2\/posts"}],"about":[{"href":"https:\/\/www.monblogdefille.com\/blog\/wp-json\/wp\/v2\/types\/post"}],"author":[{"embeddable":true,"href":"https:\/\/www.monblogdefille.com\/blog\/wp-json\/wp\/v2\/users\/3"}],"replies":[{"embeddable":true,"href":"https:\/\/www.monblogdefille.com\/blog\/wp-json\/wp\/v2\/comments?post=74840"}],"version-history":[{"count":0,"href":"https:\/\/www.monblogdefille.com\/blog\/wp-json\/wp\/v2\/posts\/74840\/revisions"}],"wp:attachment":[{"href":"https:\/\/www.monblogdefille.com\/blog\/wp-json\/wp\/v2\/media?parent=74840"}],"wp:term":[{"taxonomy":"category","embeddable":true,"href":"https:\/\/www.monblogdefille.com\/blog\/wp-json\/wp\/v2\/categories?post=74840"},{"taxonomy":"post_tag","embeddable":true,"href":"https:\/\/www.monblogdefille.com\/blog\/wp-json\/wp\/v2\/tags?post=74840"}],"curies":[{"name":"wp","href":"https:\/\/api.w.org\/{rel}","templated":true}]}}