{"id":73922,"date":"2007-07-05T09:37:30","date_gmt":"2007-07-05T09:37:30","guid":{"rendered":"http:\/\/localhost\/wordpress\/?p=73922"},"modified":"2008-03-28T19:14:47","modified_gmt":"2008-03-28T18:14:47","slug":"les-bienveillantes","status":"publish","type":"post","link":"https:\/\/www.monblogdefille.com\/blog\/les-bienveillantes\/","title":{"rendered":"Les Bienveillantes"},"content":{"rendered":"<p class=\"MsoNormal\"><img loading=\"lazy\" decoding=\"async\" src=\"wp-content\/themes\/default\/images\/bienveillantes.jpg\" align=\"left\" border=\"0\" height=\"250\" hspace=\"5\" width=\"188\" \/><span style=\"font-size: 10pt; font-family: Arial\">Raaaaaah, \u00e7a m\u2019\u00e9nerve !!! J\u2019avais pr\u00e9par\u00e9 un billet sur les Bienveillantes, tout<br \/>\nbien, pr\u00eat \u00e0 \u00eatre publi\u00e9 et tout, impossible de remettre la main dessus !<br \/>\nJ\u2019ai fouill\u00e9 partout dans mon PC, que dalle, macache, c\u2019est encore un coup du<br \/>\nfant\u00f4me de l\u2019ordinateur, salet\u00e9 !<br \/>\nDu coup je vous en refais un au d\u00e9bott\u00e9, \u00e0 moiti\u00e9 r\u00e9veill\u00e9e, c\u2019est mieux que rien mais \u00e7a vaut pas le pr\u00e9c\u00e9dent.<\/span><\/p>\n<p class=\"MsoNormal\"><span style=\"font-size: 10pt; font-family: Arial\">Bon, billet perdu ou pas, j\u2019ai ador\u00e9 ce bouquin.<br \/>\nJe l\u2019ai lu vite, et chaque soir je devais me forcer \u00e0 le fermer pour dormir.<br \/>\nOn m\u2019avait dit soit que c\u2019\u00e9tait chiantissime, soit que c\u2019\u00e9tait totalement d\u00e9primant.<br \/>\nJe n\u2019ai rien \u00e9prouv\u00e9 de tout \u00e7a.<br \/>\nM\u00eame le si\u00e8ge de Stalingrad m\u2019a passionn\u00e9e, moi qui ne m\u2019int\u00e9resse qu\u2019au vernis \u00e0 ongles ! ;-) (oui j\u2019en rajoute expr\u00e8s).<br \/>\nC\u2019est remarquablement bien \u00e9crit, dans un style vivant et introspectif \u00e0 la fois ; la documentation historique est absolument \u00e9poustouflante, un boulot de dingue ! Et j\u2019ai trouv\u00e9 super int\u00e9ressant cette vision de la guerre du point de vue allemand, on n\u2019a pas tellement l\u2019habitude (enfin moi pas, en tout cas).<br \/>\nLe personnage principal m\u2019a beaucoup plu : il est camp\u00e9 avec une finesse psychologique extraordinaire, et j\u2019ai trouv\u00e9 passionnant de suivre son cheminement int\u00e9rieur et professionnel tout au long de cette p\u00e9riode.<br \/>\nJe n\u2019ai v\u00e9cu aucune guerre, aucun de mes proches n\u2019a souffert de celle-l\u00e0, et personne n\u2019a \u00e9t\u00e9 d\u00e9port\u00e9 dans mon entourage. Ca joue certainement dans le fait que j\u2019ai lu ce livre avant tout comme un remarquable roman, et sans \u00eatre boulevers\u00e9e de fa\u00e7on inhabituelle. Mais je veux bien croire que pour ceux qui ern\u00e9s de plus pr\u00e8s, il soit tr\u00e8s dur \u00e0 lire.<br \/>\nPar ailleurs le narrateur a certes des d\u00e9viances terribles, mais \u00e7a ne m\u2019a pas mise mal \u00e0 l\u2019aise ; je me suis curieusement sentie \u00ab proche \u00bb de lui, empathique ; Jonathan Littell nous le rend extr\u00eamement humain (c\u2019est<br \/>\nd\u2019ailleurs ce qui lui est souvent reproch\u00e9).<br \/>\nCe qui m\u2019a frapp\u00e9e, et accroch\u00e9e, et tenue en haleine pendant 900 pages, c\u2019est l\u2019extraordinaire puissance litt\u00e9raire de cet auteur. Je suis un peu \u00e9perdue d\u2019admiration, je dois dire.<br \/>\nEt qu\u2019on ne vienne pas m\u2019objecter \u00ab ah mais il para\u00eet que c\u2019est pas lui qui l\u2019a \u00e9crit, en r\u00e9alit\u00e9 \u00bb, ou dieu sait quoi de cette pol\u00e9mique qui a occup\u00e9 les petits milieux litt\u00e9raires parisiens l\u2019automne dernier. Ca n\u2019est pas le propos<br \/>\net \u00e7a ne m\u2019int\u00e9resse pas ; j\u2019ai trouv\u00e9 ce roman d\u2019une immense qualit\u00e9, et il m\u2019a habit\u00e9e pendant longtemps.<span>  <\/span><\/span>\n<\/p>\n<p class=\"MsoNormal\"><span style=\"font-size: 10pt; font-family: Arial\">PS : en revanche, et je me sens un peu con sur ce coup-l\u00e0, je n\u2019ai toujours pas compris le titre ;-)<\/span><\/p>\n","protected":false},"excerpt":{"rendered":"<p>Raaaaaah, \u00e7a m\u2019\u00e9nerve !!! J\u2019avais pr\u00e9par\u00e9 un billet sur les Bienveillantes, tout bien, pr\u00eat \u00e0 \u00eatre publi\u00e9 et tout, impossible de remettre la main dessus ! J\u2019ai fouill\u00e9 partout dans mon PC, que dalle, macache,&#8230;<br \/> <a class=\"read-more\" href=\"https:\/\/www.monblogdefille.com\/blog\/les-bienveillantes\/\">Lire la suite \u00bb<\/a><\/p>\n","protected":false},"author":3,"featured_media":0,"comment_status":"open","ping_status":"open","sticky":false,"template":"","format":"standard","meta":{"footnotes":""},"categories":[1481],"tags":[],"class_list":["post-73922","post","type-post","status-publish","format-standard","hentry","category-malgre-les-apparences-je-sais-lire"],"_links":{"self":[{"href":"https:\/\/www.monblogdefille.com\/blog\/wp-json\/wp\/v2\/posts\/73922","targetHints":{"allow":["GET"]}}],"collection":[{"href":"https:\/\/www.monblogdefille.com\/blog\/wp-json\/wp\/v2\/posts"}],"about":[{"href":"https:\/\/www.monblogdefille.com\/blog\/wp-json\/wp\/v2\/types\/post"}],"author":[{"embeddable":true,"href":"https:\/\/www.monblogdefille.com\/blog\/wp-json\/wp\/v2\/users\/3"}],"replies":[{"embeddable":true,"href":"https:\/\/www.monblogdefille.com\/blog\/wp-json\/wp\/v2\/comments?post=73922"}],"version-history":[{"count":0,"href":"https:\/\/www.monblogdefille.com\/blog\/wp-json\/wp\/v2\/posts\/73922\/revisions"}],"wp:attachment":[{"href":"https:\/\/www.monblogdefille.com\/blog\/wp-json\/wp\/v2\/media?parent=73922"}],"wp:term":[{"taxonomy":"category","embeddable":true,"href":"https:\/\/www.monblogdefille.com\/blog\/wp-json\/wp\/v2\/categories?post=73922"},{"taxonomy":"post_tag","embeddable":true,"href":"https:\/\/www.monblogdefille.com\/blog\/wp-json\/wp\/v2\/tags?post=73922"}],"curies":[{"name":"wp","href":"https:\/\/api.w.org\/{rel}","templated":true}]}}