{"id":71059,"date":"2007-01-12T10:40:51","date_gmt":"2007-01-12T09:40:51","guid":{"rendered":"http:\/\/localhost\/wordpress\/?p=71059"},"modified":"2009-01-26T01:51:39","modified_gmt":"2009-01-26T00:51:39","slug":"solution-anti-vergetures-pour-fran","status":"publish","type":"post","link":"https:\/\/www.monblogdefille.com\/blog\/solution-anti-vergetures-pour-fran\/","title":{"rendered":"Solution anti-vergetures pour Fran"},"content":{"rendered":"<p><img loading=\"lazy\" decoding=\"async\" src=\"wp-content\/themes\/default\/images\/wanted3.jpg\" width=\"166\" align=\"right\" border=\"0\" height=\"200\" \/><span style=\"font-size: 10pt; font-family: Arial\">\u00ab Bonjour \u00e0 toutes ;-)<\/span><\/p>\n<p><span style=\"font-size: 10pt; font-family: Arial\">Voici mon probl\u00e8me : j&rsquo;ai des vergetures, et \u00e7a me rend dingue.<\/span><\/p>\n<p><span style=\"font-size: 10pt; font-family: Arial\">Apr\u00e8s avoir parcouru ce blog en long\/large\/travers il s&rsquo;av\u00e8re que je n&rsquo;ai trouv\u00e9 aucun article qui en parlait !<\/span><\/p>\n<p><span style=\"font-size: 10pt; font-family: Arial\">Avez-vous des techniques approuv\u00e9es, et savez-vous si la cellulite aurait une incidence?<\/span><\/p>\n<p><span style=\"font-size: 10pt; font-family: Arial\">Merci d\u2019avance !<\/span><\/p>\n<p><span style=\"font-size: 10pt; font-family: Arial\">Sign\u00e9 : Fran \u00bb <\/span><\/p>\n","protected":false},"excerpt":{"rendered":"<p>\u00ab Bonjour \u00e0 toutes ;-) Voici mon probl\u00e8me : j&rsquo;ai des vergetures, et \u00e7a me rend dingue. Apr\u00e8s avoir parcouru ce blog en long\/large\/travers il s&rsquo;av\u00e8re que je n&rsquo;ai trouv\u00e9 aucun article qui en parlait&#8230;<br \/> <a class=\"read-more\" href=\"https:\/\/www.monblogdefille.com\/blog\/solution-anti-vergetures-pour-fran\/\">Lire la suite \u00bb<\/a><\/p>\n","protected":false},"author":3,"featured_media":0,"comment_status":"open","ping_status":"open","sticky":false,"template":"","format":"standard","meta":{"footnotes":""},"categories":[20009,1489,1502],"tags":[],"class_list":["post-71059","post","type-post","status-publish","format-standard","hentry","category-beaute","category-le-soin","category-wanted"],"_links":{"self":[{"href":"https:\/\/www.monblogdefille.com\/blog\/wp-json\/wp\/v2\/posts\/71059","targetHints":{"allow":["GET"]}}],"collection":[{"href":"https:\/\/www.monblogdefille.com\/blog\/wp-json\/wp\/v2\/posts"}],"about":[{"href":"https:\/\/www.monblogdefille.com\/blog\/wp-json\/wp\/v2\/types\/post"}],"author":[{"embeddable":true,"href":"https:\/\/www.monblogdefille.com\/blog\/wp-json\/wp\/v2\/users\/3"}],"replies":[{"embeddable":true,"href":"https:\/\/www.monblogdefille.com\/blog\/wp-json\/wp\/v2\/comments?post=71059"}],"version-history":[{"count":0,"href":"https:\/\/www.monblogdefille.com\/blog\/wp-json\/wp\/v2\/posts\/71059\/revisions"}],"wp:attachment":[{"href":"https:\/\/www.monblogdefille.com\/blog\/wp-json\/wp\/v2\/media?parent=71059"}],"wp:term":[{"taxonomy":"category","embeddable":true,"href":"https:\/\/www.monblogdefille.com\/blog\/wp-json\/wp\/v2\/categories?post=71059"},{"taxonomy":"post_tag","embeddable":true,"href":"https:\/\/www.monblogdefille.com\/blog\/wp-json\/wp\/v2\/tags?post=71059"}],"curies":[{"name":"wp","href":"https:\/\/api.w.org\/{rel}","templated":true}]}}