{"id":70816,"date":"2007-06-21T08:32:35","date_gmt":"2007-06-21T08:32:35","guid":{"rendered":"http:\/\/localhost\/wordpress\/?p=70816"},"modified":"2008-03-17T20:41:28","modified_gmt":"2008-03-17T19:41:28","slug":"l-affaire-du-collier-par-teatree","status":"publish","type":"post","link":"https:\/\/www.monblogdefille.com\/blog\/l-affaire-du-collier-par-teatree\/","title":{"rendered":"L&rsquo;affaire du collier, par teatree"},"content":{"rendered":"<p style=\"margin-bottom: 0.0001pt\"><img loading=\"lazy\" decoding=\"async\" src=\"wp-content\/themes\/default\/images\/tanjore_ecolieres.jpg\" align=\"right\" border=\"0\" height=\"188\" width=\"250\" \/><span style=\"font-size: 10pt; font-family: Arial\">\u00ab Je voudrais vous raconter l\u2019histoire d\u2019une jeune fille de province qui s\u2019appr\u00eatait \u00e0 avoir 18 ans. La vie \u00e9tait simple, belle. Elle avait de vraies chouettes amies. Elle \u00e9tait n\u00e9e en automne, plut\u00f4t en fin d\u2019ann\u00e9e, donc. Par cons\u00e9quent, elle \u00e9tait la derni\u00e8re de l\u2019\u00e9quipe \u00e0 f\u00eater son<br \/>\nanniv. Issue d\u2019une famille qu\u2019on qualifie en sociologie de \u00ab classe<br \/>\nmoyenne \u00bb, tr\u00e8s moyenne m\u00eame, elle avait \u00e9t\u00e9 mise par ses parents dans un lyc\u00e9e priv\u00e9 surtout par convictions religieuses et elle y \u00e9tait bien. Les amies qu\u2019elle s\u2019y \u00e9tait choisies \u00e9taient plut\u00f4t \u00ab classiques \u00bb et \u00ab de bonne famille \u00bb, comme on dit.<\/span><\/p>\n<p style=\"margin-bottom: 0.0001pt\"><span style=\"font-size: 10pt; font-family: Arial\">Elle remarqua que ses plus proches amies avaient re\u00e7u lors du passage de leurs 18 ans un beau collier de perles. L\u2019une l\u2019avait re\u00e7u de sa Grand- m\u00e8re. Les parents de l\u2019autre lui avaient offert chez un bon bijoutier.<br \/>\nToutes les deux le portaient tr\u00e8s bien, avec \u00e9l\u00e9gance et naturel et elle les admirait.<\/span>\n<\/p>\n<p style=\"margin-bottom: 0.0001pt\"><span style=\"font-size: 10pt; font-family: Arial\">Mais voil\u00e0, ce n\u2019\u00e9tait pas du tout le genre de ses parents, ce cadeau l\u00e0. Pas du tout une tradition dans sa famille. Et elle, elle r\u00eavait d\u2019\u00ab en \u00eatre \u00bb. Ce n\u2019\u00e9tait pas possible autrement. IL LE FALLAIT !<\/span><\/p>\n<p style=\"margin-bottom: 0.0001pt\"><span style=\"font-size: 10pt; font-family: Arial\">Et ces choses- l\u00e0, on ne les demande pas \u00e0 ses parents. On ne dit pas \u00ab voil\u00e0, il me FAUT un collier de perles \u00e0 4500 francs \u00bb.<\/span><\/p>\n<p style=\"margin-bottom: 0.0001pt\"><span style=\"font-size: 10pt; font-family: Arial\">Alors \u00e0 la fin de l\u2019\u00e9t\u00e9, elle fit les vendanges. A Saint Emilion, s\u2019il vous pla\u00eet, on ne se mouche pas du pied ! Et elle s\u2019offrit, elle, son beau collier, \u00e0 4000 francs et des brouettes, dans une bijouterie de la r\u00e9gion, sous l\u2019\u0153il surpris mais discret du bijoutier.<\/span><\/p>\n<p style=\"margin-bottom: 0.0001pt\"><span style=\"font-size: 10pt; font-family: Arial\">Elle le porta tr\u00e8s vite. Naturellement, pour ses copines, il lui avait \u00e9t\u00e9 offert par ses parents.<\/span><\/p>\n<p style=\"margin-bottom: 0.0001pt\"><span style=\"font-size: 10pt; font-family: Arial\">Quant \u00e0 sa m\u00e8re, qui connaissait les go\u00fbts \u00ab classiques \u00bb de sa fille, elle ne fut pas \u00e9tonn\u00e9e de la voir porter<br \/>\nce qu\u2019elle prenait pour un collier fantaisie \u00e0 100 francs.<\/span>\n<\/p>\n<p style=\"margin-bottom: 0.0001pt\"><span style=\"font-size: 10pt; font-family: Arial\">Et tout allait pour le mieux !<\/span><\/p>\n<p style=\"margin-bottom: 0.0001pt\"><span style=\"font-size: 10pt; font-family: Arial\">C\u2019est s\u00fbr, elle ne pouvait avouer avoir claqu\u00e9 une telle somme alors que ses parents lui payaient ses \u00e9tudes, \u00e9tudes auxquelles elle \u00e9choua all\u00e8grement, d\u2019ailleurs, \u00e0 cette \u00e9poque, faute de travail digne de ce nom. Il \u00e9tait clair que les vendanges avaient contribu\u00e9 \u00e0 ces ann\u00e9es de labeur, en signe de bonne volont\u00e9, participant en bonne fille, \u00e0 la charge que repr\u00e9sentaient ses \u00e9tudes.<\/span><\/p>\n<p style=\"margin-bottom: 0.0001pt\"><span style=\"font-size: 10pt; font-family: Arial\">Elle porta ce collier pendant quelques ann\u00e9es, entour\u00e9e d\u2019amis \u00ab classiques \u00bb et bien sympathiques.<\/span><\/p>\n<p style=\"margin-bottom: 0.0001pt\"><span style=\"font-size: 10pt; font-family: Arial\">Et puis la vie \u00e9volua. Elle \u00ab monta \u00bb \u00e0 la capitale. Elle grandit beaucoup, dans cet univers si vaste et si nouveau. Son monde s\u2019\u00e9largit et c\u2019est bien naturellement que son collier s\u2019endormit pour 10 ans au fond d\u2019un tiroir, oubli\u00e9.<\/span><\/p>\n<p style=\"margin-bottom: 0.0001pt\"><span style=\"font-size: 10pt; font-family: Arial\">Elle avait toujours \u00e9t\u00e9 attir\u00e9e par le chic des ann\u00e9es 1960, Audrey Hepburn, Jacky Kennedy. Les belles de cette \u00e9poque \u00e9taient si simples, si chic !<\/span><\/p>\n<p style=\"margin-bottom: 0.0001pt\"><span style=\"font-size: 10pt; font-family: Arial\">De films en r\u00eaveries, elle vit comme une \u00e9vidence la beaut\u00e9 d\u2019un bracelet de perles 3 rangs.<\/span><\/p>\n<p style=\"margin-bottom: 0.0001pt\"><span style=\"font-size: 10pt; font-family: Arial\">Elle se souvint alors de son collier endormi.<\/span><\/p>\n<p style=\"margin-bottom: 0.0001pt\"><span style=\"font-size: 10pt; font-family: Arial\">Elle le r\u00e9veill\u00e2t et s\u2019amusa \u00e0 le mettre autour de son cou, devant son miroir. Elle eu un vif mouvement de recul. Cette image n\u2019\u00e9tait tellement plus elle\u2026<\/span><\/p>\n<p style=\"margin-bottom: 0.0001pt\"><span style=\"font-size: 10pt; font-family: Arial\">Renseignements pris, son adorable mari lui proposa de lui offrir la transformation de ce collier d\u00e9suet en beau bracelet. Elle fut remplie de joie.<\/span><\/p>\n<p style=\"margin-bottom: 0.0001pt\"><span style=\"font-size: 10pt; font-family: Arial\">Elle porte d\u00e9sormais un bien beau bijou qui lui correspond vraiment.<\/span><\/p>\n<p style=\"margin-bottom: 0.0001pt\"><span style=\"font-size: 10pt; font-family: Arial\">Ch\u00e8res lectrices, chers lecteurs, si au hasard d\u2019un mariage, d\u2019un bapt\u00eame, d&rsquo;une belle soir\u00e9e entre amis, vous voyez au poignet d\u2019une brune un bracelet de perles 3 rangs, demandez- lui si son pseudo sur monblogdefille<br \/>\nest bien teatree. Si elle vous sourit jusqu\u2019aux oreilles, vous aurez tap\u00e9 dans le mile !!<\/span>\n<\/p>\n<p style=\"margin-bottom: 0.0001pt\"><span style=\"font-size: 10pt; font-family: Arial\">Sign\u00e9 : teatree \u00bb<\/span><\/p>\n<p style=\"margin-bottom: 0.0001pt\">&nbsp;<\/p>\n","protected":false},"excerpt":{"rendered":"<p>\u00ab Je voudrais vous raconter l\u2019histoire d\u2019une jeune fille de province qui s\u2019appr\u00eatait \u00e0 avoir 18 ans. La vie \u00e9tait simple, belle. Elle avait de vraies chouettes amies. Elle \u00e9tait n\u00e9e en automne, plut\u00f4t en&#8230;<br \/> <a class=\"read-more\" href=\"https:\/\/www.monblogdefille.com\/blog\/l-affaire-du-collier-par-teatree\/\">Lire la suite \u00bb<\/a><\/p>\n","protected":false},"author":3,"featured_media":0,"comment_status":"open","ping_status":"open","sticky":false,"template":"","format":"standard","meta":{"footnotes":""},"categories":[5377],"tags":[],"class_list":["post-70816","post","type-post","status-publish","format-standard","hentry","category-o-toi-lectrice"],"_links":{"self":[{"href":"https:\/\/www.monblogdefille.com\/blog\/wp-json\/wp\/v2\/posts\/70816","targetHints":{"allow":["GET"]}}],"collection":[{"href":"https:\/\/www.monblogdefille.com\/blog\/wp-json\/wp\/v2\/posts"}],"about":[{"href":"https:\/\/www.monblogdefille.com\/blog\/wp-json\/wp\/v2\/types\/post"}],"author":[{"embeddable":true,"href":"https:\/\/www.monblogdefille.com\/blog\/wp-json\/wp\/v2\/users\/3"}],"replies":[{"embeddable":true,"href":"https:\/\/www.monblogdefille.com\/blog\/wp-json\/wp\/v2\/comments?post=70816"}],"version-history":[{"count":0,"href":"https:\/\/www.monblogdefille.com\/blog\/wp-json\/wp\/v2\/posts\/70816\/revisions"}],"wp:attachment":[{"href":"https:\/\/www.monblogdefille.com\/blog\/wp-json\/wp\/v2\/media?parent=70816"}],"wp:term":[{"taxonomy":"category","embeddable":true,"href":"https:\/\/www.monblogdefille.com\/blog\/wp-json\/wp\/v2\/categories?post=70816"},{"taxonomy":"post_tag","embeddable":true,"href":"https:\/\/www.monblogdefille.com\/blog\/wp-json\/wp\/v2\/tags?post=70816"}],"curies":[{"name":"wp","href":"https:\/\/api.w.org\/{rel}","templated":true}]}}