{"id":70659,"date":"2007-06-20T13:26:47","date_gmt":"2007-06-20T13:26:47","guid":{"rendered":"http:\/\/localhost\/wordpress\/?p=70659"},"modified":"2008-03-25T16:18:46","modified_gmt":"2008-03-25T15:18:46","slug":"mieux-vaut-tard-que-jamais","status":"publish","type":"post","link":"https:\/\/www.monblogdefille.com\/blog\/mieux-vaut-tard-que-jamais\/","title":{"rendered":"Mieux vaut tard que jamais"},"content":{"rendered":"<p class=\"MsoNormal\"><img loading=\"lazy\" decoding=\"async\" src=\"wp-content\/themes\/default\/images\/journalfemmes.jpg\" align=\"right\" border=\"0\" height=\"79\" width=\"150\" \/><span style=\"font-size: 10pt; font-family: Arial\">Pendant que je jouais du bouzouki, mollement alanguie sur une chaise longue et entour\u00e9e d\u2019\u00e9ph\u00e8bes pressant sur ma bouche des grappes de raison parfum\u00e9 (oui c\u2019est une image, je sais m\u00eame pas \u00e0 quoi ressemble un bouzouki et au mois de juin le raisin n\u2019est pas m\u00fbr, m\u00eame en Gr\u00e8ce, bande d\u2019ignares ;-)), le Journal des femmes de l\u2019Internaute a publi\u00e9 le 5 juin <u><a href=\"http:\/\/www.linternaute.com\/femmes\/beaute\/interview\/helene-legastelois.shtml\" target=\"_blank\" rel=\"noopener\">cette interview<\/a><\/u>.<\/span><\/p>\n<p class=\"MsoNormal\"><span style=\"font-size: 10pt; font-family: Arial\">Et hop, un peu de lecture en plus pour Stephen King ;-) (ah oui la revue de presse est faite sp\u00e9cialement pour si jamais il passe par ici \u2013 comment \u00e7a il parle pas fran\u00e7ais ?? Rohhh, me serais-je fourvoy\u00e9e depuis le d\u00e9but ?). <\/span><\/p>\n<p class=\"MsoNormal\"><span style=\"font-size: 10pt; font-family: Arial\">Alors je tiens quand m\u00eame \u00e0 pr\u00e9ciser que je ne me suis pas exprim\u00e9e tout \u00e0 fait comme dans l\u2019article (je n\u2019ai notamment pas d\u2019astuces \u00ab incroyables \u00bb, la charmante jeune femme qui l\u2019a \u00e9crit a un peu adapt\u00e9 notre conversation t\u00e9l\u00e9phonique pour les besoins de son support ;-)<\/span><\/p>\n<p class=\"MsoNormal\">PS : bon sang \u00e7a m&rsquo;\u00e9nerve, j&rsquo;arrive pas \u00e0 virer les sauts \u00e0 la ligne, le fant\u00f4me de l&rsquo;ordinateur a pris le pouvoir pendant mon absence !<\/p>\n","protected":false},"excerpt":{"rendered":"<p>Pendant que je jouais du bouzouki, mollement alanguie sur une chaise longue et entour\u00e9e d\u2019\u00e9ph\u00e8bes pressant sur ma bouche des grappes de raison parfum\u00e9 (oui c\u2019est une image, je sais m\u00eame pas \u00e0 quoi ressemble&#8230;<br \/> <a class=\"read-more\" href=\"https:\/\/www.monblogdefille.com\/blog\/mieux-vaut-tard-que-jamais\/\">Lire la suite \u00bb<\/a><\/p>\n","protected":false},"author":3,"featured_media":0,"comment_status":"open","ping_status":"open","sticky":false,"template":"","format":"standard","meta":{"footnotes":""},"categories":[1504],"tags":[],"class_list":["post-70659","post","type-post","status-publish","format-standard","hentry","category-revue-de-presse"],"_links":{"self":[{"href":"https:\/\/www.monblogdefille.com\/blog\/wp-json\/wp\/v2\/posts\/70659","targetHints":{"allow":["GET"]}}],"collection":[{"href":"https:\/\/www.monblogdefille.com\/blog\/wp-json\/wp\/v2\/posts"}],"about":[{"href":"https:\/\/www.monblogdefille.com\/blog\/wp-json\/wp\/v2\/types\/post"}],"author":[{"embeddable":true,"href":"https:\/\/www.monblogdefille.com\/blog\/wp-json\/wp\/v2\/users\/3"}],"replies":[{"embeddable":true,"href":"https:\/\/www.monblogdefille.com\/blog\/wp-json\/wp\/v2\/comments?post=70659"}],"version-history":[{"count":0,"href":"https:\/\/www.monblogdefille.com\/blog\/wp-json\/wp\/v2\/posts\/70659\/revisions"}],"wp:attachment":[{"href":"https:\/\/www.monblogdefille.com\/blog\/wp-json\/wp\/v2\/media?parent=70659"}],"wp:term":[{"taxonomy":"category","embeddable":true,"href":"https:\/\/www.monblogdefille.com\/blog\/wp-json\/wp\/v2\/categories?post=70659"},{"taxonomy":"post_tag","embeddable":true,"href":"https:\/\/www.monblogdefille.com\/blog\/wp-json\/wp\/v2\/tags?post=70659"}],"curies":[{"name":"wp","href":"https:\/\/api.w.org\/{rel}","templated":true}]}}