{"id":70597,"date":"2007-06-20T08:30:29","date_gmt":"2007-06-20T06:30:29","guid":{"rendered":"http:\/\/localhost\/wordpress\/?p=70597"},"modified":"2019-08-07T12:37:36","modified_gmt":"2019-08-07T10:37:36","slug":"le-retour-du-souvlaki","status":"publish","type":"post","link":"https:\/\/www.monblogdefille.com\/blog\/le-retour-du-souvlaki\/","title":{"rendered":"Le retour du souvlaki"},"content":{"rendered":"<p><img decoding=\"async\" src=\"http:\/\/www.monblogdefille.com\/blog\/wp-content\/uploads\/2008\/07\/stitch_sifnos.jpg\" alt=\"stitch_sifnos.jpg\" align=\"left\" \/><font size=\"1\"><span style=\"font-size: 10pt; font-family: Arial\">Hello les z\u2019enfants, je suis revenue de mon \u00eele grecque !<\/span><\/font><\/p>\n<p class=\"MsoNormal\"><font size=\"1\"><span style=\"font-size: 10pt; font-family: Arial\">Je ne peux pas dire que \u00e7a me fasse d\u00e9lirer de joie de reprendre le collier, mais vous savoir de l\u2019autre c\u00f4t\u00e9 de l\u2019\u00e9cran me motive dr\u00f4lement pour m\u2019y remettre ;-)<\/span><\/font><\/p>\n<p class=\"MsoNormal\"><font size=\"1\"><span style=\"font-size: 10pt; font-family: Arial\">J\u2019ai atterri hier avec consternation dans un Paris caniculaire et puant, mais gr\u00e2ce au ciel ce matin j\u2019ai froid aux pieds ; \u00e7a ne m\u2019\u00e9tait pas arriv\u00e9 depuis deux semaines, je suis toute ravigot\u00e9e (je sais, en vrai on dit revigor\u00e9e, mais j\u2019aime bien ravigot\u00e9e). Je suis d\u00e9finitivement pas faite pour la chaleur, j\u2019\u00e9tais hyper contente de rentrer, j\u2019en pouvais plus d\u2019avoir chaud et mal aux yeux \u00e0 cause du soleil\u2026<\/span><\/font><\/p>\n<p class=\"MsoNormal\"><font size=\"1\"><span style=\"font-size: 10pt; font-family: Arial\">J\u2019ai bien l\u2019intention de vous raconter mes vacances en long en large et en travers pendant des si\u00e8cles, j\u2019ai pris des tas de notes en pensant \u00e0 vous dans mon gros cahier bleu ;-) <\/span><\/font><\/p>\n<p class=\"MsoNormal\"><font size=\"1\"><span style=\"font-size: 10pt; font-family: Arial\">Mais pour vous \u00e9viter la conjonctivite (et l\u2019ennui mortel), on va y aller doucement et par morceaux. Ca va \u00eatre absolument fascinant, vous allez voir : Havaianas, allergies solaires, boulettes au fromage et retsina, de grands moment intellectuels en perspective ! (Oh \u00e7a va, j\u2019ai lu les Bienveillantes \u2013 avec passion &#8211; j\u2019ai le droit d\u2019\u00eatre un peu au ras des p\u00e2querettes).<\/span><\/font><\/p>\n<p class=\"MsoNormal\"><font size=\"1\"><span style=\"font-size: 10pt; font-family: Arial\">Ah oui, au fait, j\u2019avoue : je me suis jet\u00e9e comme une cingl\u00e9e sur mon PC \u00e0 peine pass\u00e9 le seuil de mon appart. Je me croyais d\u00e9sintoxiqu\u00e9e par ces quinze jours de d\u00e9crochage f\u00e9roce, et ben macache.<\/span><\/font><\/p>\n<p><font size=\"1\">PS : oui j\u2019avais emmen\u00e9 Stitch, il adore la mer ;-)<\/font><\/p>\n<p class=\"MsoNormal\"><font size=\"1\"><span style=\"font-size: 10pt; font-family: Arial\">PS2 : et vous \u00eates habill\u00e9es comment aujourd\u2019hui ? Moi j\u2019ai remis avec extase un de mes jeans ch\u00e9ris qui fait les fesses bleues (au bout de deux semaines, les robes de plage \u00e7a commence \u00e0 bien faire), une blouse de toute les couleurs genre Pucci (sauf que je l\u2019ai pay\u00e9e 10 \u20ac sur un march\u00e9 proven\u00e7al), et des compens\u00e9es \u00e0 talons parce que les tongs c\u2019est pareil hein, \u00e7a va cinq minutes. Mais je vais peut-\u00eatre aller enfiler des chaussettes en cachemire (et un pull), il fait dans mon salon un froid divin ;-)<\/span><\/font><\/p>\n","protected":false},"excerpt":{"rendered":"<p><img decoding=\"async\" src=\"http:\/\/www.monblogdefille.com\/blog\/wp-content\/uploads\/2008\/07\/stitch_sifnos.jpg\" alt=\"stitch_sifnos.jpg\" align=\"left\" \/><font size=\"1\"><span style=\"font-size: 10pt; font-family: Arial\">Hello les z\u2019enfants, je suis revenue de mon \u00eele grecque !<\/span><\/font><\/p>\n<p class=\"MsoNormal\"><font size=\"1\"><span style=\"font-size: 10pt; font-family: Arial\">Je ne peux pas dire que \u00e7a me fasse d\u00e9lirer de joie de reprendre le collier, mais vous savoir de l\u2019autre c\u00f4t\u00e9 de l\u2019\u00e9cran me motive dr\u00f4lement pour m\u2019y remettre ;-)<\/span><\/font><\/p>\n<p class=\"MsoNormal\"><font size=\"1\"><span style=\"font-size: 10pt; font-family: Arial\">J\u2019ai atterri hier avec consternation dans un Paris caniculaire et puant, mais gr\u00e2ce au ciel ce matin j\u2019ai froid aux pieds ; \u00e7a ne m\u2019\u00e9tait pas arriv\u00e9 depuis deux semaines, je suis toute ravigot\u00e9e (je sais, en vrai on dit revigor\u00e9e, mais j\u2019aime bien ravigot\u00e9e). Je suis d\u00e9finitivement pas faite pour la chaleur, j\u2019\u00e9tais hyper contente de rentrer, j\u2019en pouvais plus d\u2019avoir chaud et mal aux yeux \u00e0 cause du soleil\u2026<\/span><\/font><\/p>\n<p class=\"MsoNormal\"><font size=\"1\"><span style=\"font-size: 10pt; font-family: Arial\">J\u2019ai bien l\u2019intention de vous raconter mes vacances en long en large et en travers pendant des si\u00e8cles, j\u2019ai pris des tas de notes en pensant \u00e0 vous dans mon gros cahier bleu ;-) <\/span><\/font><\/p>\n<p class=\"MsoNormal\"><font size=\"1\"><span style=\"font-size: 10pt; font-family: Arial\">Mais pour vous \u00e9viter la conjonctivite (et l\u2019ennui mortel), on va y aller doucement et par morceaux. Ca va \u00eatre absolument fascinant, vous allez voir : Havaianas, allergies solaires, boulettes au fromage et retsina, de grands moment intellectuels en perspective ! (Oh \u00e7a va, j\u2019ai lu les Bienveillantes \u2013 avec passion &#8211; j\u2019ai le droit d\u2019\u00eatre un peu au ras des p\u00e2querettes).<\/span><\/font><\/p>\n<p class=\"MsoNormal\"><font size=\"1\"><span style=\"font-size: 10pt; font-family: Arial\">Ah oui, au fait, j\u2019avoue : je me suis jet\u00e9e comme une cingl\u00e9e sur mon PC \u00e0 peine pass\u00e9 le seuil de mon appart. Je me croyais d\u00e9sintoxiqu\u00e9e par ces quinze jours de d\u00e9crochage f\u00e9roce, et ben macache.<\/span><\/font><\/p>\n<p><font size=\"1\">PS : oui j\u2019avais emmen\u00e9 Stitch, il adore la mer ;-)<\/font><\/p>\n<p class=\"MsoNormal\"><font size=\"1\"><span style=\"font-size: 10pt; font-family: Arial\">PS2 : et vous \u00eates habill\u00e9es comment aujourd\u2019hui ? Moi j\u2019ai remis avec extase un de mes jeans ch\u00e9ris qui fait les fesses bleues (au bout de deux semaines, les robes de plage \u00e7a commence \u00e0 bien faire), une blouse de toute les couleurs genre Pucci (sauf que je l\u2019ai pay\u00e9e 10 \u20ac sur un march\u00e9 proven\u00e7al), et des compens\u00e9es \u00e0 talons parce que les tongs c\u2019est pareil hein, \u00e7a va cinq minutes. Mais je vais peut-\u00eatre aller enfiler des chaussettes en cachemire (et un pull), il fait dans mon salon un froid divin ;-)<\/span><\/font><\/p>\n","protected":false},"author":3,"featured_media":124502,"comment_status":"open","ping_status":"open","sticky":false,"template":"","format":"standard","meta":{"footnotes":""},"categories":[20176,20116],"tags":[20118,20164],"class_list":["post-70597","post","type-post","status-publish","format-standard","has-post-thumbnail","hentry","category-lifestyle","category-voyages","tag-grece","tag-voyages"],"_links":{"self":[{"href":"https:\/\/www.monblogdefille.com\/blog\/wp-json\/wp\/v2\/posts\/70597","targetHints":{"allow":["GET"]}}],"collection":[{"href":"https:\/\/www.monblogdefille.com\/blog\/wp-json\/wp\/v2\/posts"}],"about":[{"href":"https:\/\/www.monblogdefille.com\/blog\/wp-json\/wp\/v2\/types\/post"}],"author":[{"embeddable":true,"href":"https:\/\/www.monblogdefille.com\/blog\/wp-json\/wp\/v2\/users\/3"}],"replies":[{"embeddable":true,"href":"https:\/\/www.monblogdefille.com\/blog\/wp-json\/wp\/v2\/comments?post=70597"}],"version-history":[{"count":0,"href":"https:\/\/www.monblogdefille.com\/blog\/wp-json\/wp\/v2\/posts\/70597\/revisions"}],"wp:featuredmedia":[{"embeddable":true,"href":"https:\/\/www.monblogdefille.com\/blog\/wp-json\/wp\/v2\/media\/124502"}],"wp:attachment":[{"href":"https:\/\/www.monblogdefille.com\/blog\/wp-json\/wp\/v2\/media?parent=70597"}],"wp:term":[{"taxonomy":"category","embeddable":true,"href":"https:\/\/www.monblogdefille.com\/blog\/wp-json\/wp\/v2\/categories?post=70597"},{"taxonomy":"post_tag","embeddable":true,"href":"https:\/\/www.monblogdefille.com\/blog\/wp-json\/wp\/v2\/tags?post=70597"}],"curies":[{"name":"wp","href":"https:\/\/api.w.org\/{rel}","templated":true}]}}