{"id":65372,"date":"2007-05-29T10:35:44","date_gmt":"2007-05-29T10:35:44","guid":{"rendered":"http:\/\/localhost\/wordpress\/?p=65372"},"modified":"2008-03-17T11:51:37","modified_gmt":"2008-03-17T10:51:37","slug":"pas-de-banane-dans-l-oeil-please","status":"publish","type":"post","link":"https:\/\/www.monblogdefille.com\/blog\/pas-de-banane-dans-l-oeil-please\/","title":{"rendered":"Pas de banane dans l&rsquo;oeil please"},"content":{"rendered":"<p><img loading=\"lazy\" decoding=\"async\" src=\"wp-content\/themes\/default\/images\/banane_oeil2.jpg\" border=\"0\" height=\"188\" width=\"250\" \/><img loading=\"lazy\" decoding=\"async\" src=\"wp-content\/themes\/default\/images\/banane_oeil3.jpg\" border=\"0\" height=\"188\" width=\"250\" \/><\/p>\n<p><em><strong>Oeil avec banane                                          Oeil sans banane<\/strong><\/em><\/p>\n<p>Non parce que bon, les ann\u00e9es 80 \u00e7a va cinq minutes, mais un jour il faut tourner la page et laisser derri\u00e8re soi certains looks \u00e0 faire p\u00e2lir de honte Elton John lui-m\u00eame (mais oui j&rsquo;aime beaucoup Elton John, simplement pour les fringues j&rsquo;aurais pas forc\u00e9ment fait comme lui).<br \/>\nBref, l&rsquo;autre jour dans le m\u00e9tro, mon terrain d&rsquo;\u00e9tude de pr\u00e9dilection, j&rsquo;avais en face de moi une jeune femme avec une banane dans l&rsquo;oeil. Donc pas du tout la sc\u00e8ne grotesque que vous imaginez, mais une fa\u00e7on de poser le fard \u00e0 paupi\u00e8res \u00e9chapp\u00e9e de ann\u00e9es 80, \u00e0 mon sens m\u00e9ga ringue.<br \/>\nComme une bonne photo vaut mieux qu&rsquo;un long discours (qui a dit \u00e7a d\u00e9j\u00e0 ? Saint Ignace de Loyola ou Winston Churchill ??), je vous ai mis une photo de mes yeux maquill\u00e9s, un avec banane et l&rsquo;autre sans.<br \/>\nComment \u00e7a vous voyez pas la diff\u00e9rence ? Les filles c&rsquo;est de la mauvaise volont\u00e9, j&rsquo;ai maquill\u00e9 hyper diff\u00e9remment \u00e0 gauche (pas de banane) et \u00e0 droite (banane bien pr\u00e9sente), \u00e7a saute aux yeux enfin, regardez cet arc sombre dans le coin externe de la paupi\u00e8re droite (oui sur la photo elle est \u00e0 gauche, c&rsquo;est ce qui se produit traditionnellement quand on se place face \u00e0 quelqu&rsquo;un) : c&rsquo;est ce qu&rsquo;on appelle une banane.<br \/>\nPourquoi ? Ben j&rsquo;en sais rien moi, sans doute parce que \u00e7a en a plus ou moins la forme ?<br \/>\nBref, \u00e7a se faisait beaucoup dans les ann\u00e9es 80, avec les \u00e9paulettes et le gel dans les cheveux.<br \/>\nAujourd&rsquo;hui c&rsquo;est assez ringard, en plus de d\u00e9s\u00e9quilibrer le regard : \u00e7a rapproche les yeux, or il est tr\u00e8s rare d&rsquo;en avoir besoin, les yeux sont tr\u00e8s rarement trop \u00e9cart\u00e9s.<br \/>\nJe dis donc Halte \u00e0 la banane dans l&rsquo;oeil, merci de vous maquiller comme en 2007 : pour \u00e7a vous avez l&rsquo;oeil gauche, facilement reproductible dans n&rsquo;importe quelles couleurs. Et pour le coup de crayon qui finit le maquillage, idem : presque jusqu&rsquo;au coin interne de l&rsquo;oeil, en haut comme en bas, sinon \u00e7a fait des petits yeux rapproch\u00e9s (et cruels, hin hin).<br \/>\nQuoi \u00e7a fait deux heures que je tiens sur une application de fard \u00e0 paupi\u00e8res ? Ben oui, tout est normal ;-)<\/p>\n","protected":false},"excerpt":{"rendered":"<p>Oeil avec banane Oeil sans banane Non parce que bon, les ann\u00e9es 80 \u00e7a va cinq minutes, mais un jour il faut tourner la page et laisser derri\u00e8re soi certains looks \u00e0 faire p\u00e2lir de&#8230;<br \/> <a class=\"read-more\" href=\"https:\/\/www.monblogdefille.com\/blog\/pas-de-banane-dans-l-oeil-please\/\">Lire la suite \u00bb<\/a><\/p>\n","protected":false},"author":3,"featured_media":0,"comment_status":"open","ping_status":"open","sticky":false,"template":"","format":"standard","meta":{"footnotes":""},"categories":[1485],"tags":[19939],"class_list":["post-65372","post","type-post","status-publish","format-standard","hentry","category-le-maquillage","tag-fard-a-paupieres"],"_links":{"self":[{"href":"https:\/\/www.monblogdefille.com\/blog\/wp-json\/wp\/v2\/posts\/65372","targetHints":{"allow":["GET"]}}],"collection":[{"href":"https:\/\/www.monblogdefille.com\/blog\/wp-json\/wp\/v2\/posts"}],"about":[{"href":"https:\/\/www.monblogdefille.com\/blog\/wp-json\/wp\/v2\/types\/post"}],"author":[{"embeddable":true,"href":"https:\/\/www.monblogdefille.com\/blog\/wp-json\/wp\/v2\/users\/3"}],"replies":[{"embeddable":true,"href":"https:\/\/www.monblogdefille.com\/blog\/wp-json\/wp\/v2\/comments?post=65372"}],"version-history":[{"count":0,"href":"https:\/\/www.monblogdefille.com\/blog\/wp-json\/wp\/v2\/posts\/65372\/revisions"}],"wp:attachment":[{"href":"https:\/\/www.monblogdefille.com\/blog\/wp-json\/wp\/v2\/media?parent=65372"}],"wp:term":[{"taxonomy":"category","embeddable":true,"href":"https:\/\/www.monblogdefille.com\/blog\/wp-json\/wp\/v2\/categories?post=65372"},{"taxonomy":"post_tag","embeddable":true,"href":"https:\/\/www.monblogdefille.com\/blog\/wp-json\/wp\/v2\/tags?post=65372"}],"curies":[{"name":"wp","href":"https:\/\/api.w.org\/{rel}","templated":true}]}}