{"id":64104,"date":"2007-05-23T09:32:46","date_gmt":"2007-05-23T07:32:46","guid":{"rendered":"http:\/\/localhost\/wordpress\/?p=64104"},"modified":"2012-03-02T19:31:48","modified_gmt":"2012-03-02T18:31:48","slug":"7-ans-de-reflexions-par-cote-par-nathouille","status":"publish","type":"post","link":"https:\/\/www.monblogdefille.com\/blog\/7-ans-de-reflexions-par-cote-par-nathouille\/","title":{"rendered":"7 ans de r\u00e9flexions (par c\u00f4t\u00e9 ;-)), par Nathouille"},"content":{"rendered":"<p><img loading=\"lazy\" decoding=\"async\" src=\"wp-content\/themes\/default\/images\/tanjore_ecolieres.jpg\" border=\"0\" alt=\"\" hspace=\"5\" width=\"250\" height=\"188\" align=\"left\" \/>\u00ab Ao\u00fbt 1992 : Dans quelques mois, je vais avoir 20 ans. Ce sont mes premi\u00e8res vacances seule, avec une copine. Nous sommes sur une plage normande et nous avons fait la connaissance de quelques gars du coin.<\/p>\n<p>\u00ab Eh ! Mate les seins ! \u00bb S&rsquo;\u00e9crie l&rsquo;un d&rsquo;eux&#8230; Ah oui, euh, l\u00e0 c&rsquo;est pour moi&#8230; De tout le s\u00e9jour, je ne me baignerais plus qu&rsquo;en tee-shirt (bonjour la discr\u00e9tion). C&rsquo;est ce jour l\u00e0 que j&rsquo;ai su que je le ferai&#8230;plus tard, beaucoup plus tard&#8230;<\/p>\n<p>6 mars 2007 : J&rsquo;ai 34 ans et aujourd&rsquo;hui, je vais me faire op\u00e9rer d&rsquo;une plastie mammaire (r\u00e9duction et reconstruction des seins).<\/p>\n<p>Pendant ces 14 ann\u00e9es, j&rsquo;ai fini mes \u00e9tudes, entam\u00e9 une carri\u00e8re, suis tomb\u00e9e amoureuse, fais un b\u00e9b\u00e9, me suis mari\u00e9e&#8230; mais je n&rsquo;ai pas eu le temps (et la v\u00e9rit\u00e9 me pousse \u00e0 dire que j&rsquo;avais une trouille de tous les diables aussi !) de faire cette foutue op\u00e9ration.<\/p>\n<p>Et pourtant&#8230;<\/p>\n<p>Depuis plus de 14 ans, j&rsquo;ai la sensation que quelqu&rsquo;un appuie en permanence son index entre mes omoplates (molto bobo).<\/p>\n<p>Depuis plus de 14 ans, je ne peux pas mettre de chemisier sans qu&rsquo;il ne s&rsquo;ouvre entre les boutons (la classe internationale).<\/p>\n<p>Depuis plus de 14 ans, lorsque je bulle \u00e0 la plage, je suis oblig\u00e9e de creuser un trou dans le sable, pour y mettre mes seins, sinon je m&rsquo;\u00e9touffe avec (la classe interplan\u00e9taire).<\/p>\n<p>Depuis plus de 14 ans, (et encore plus que \u00e7a en fait) j&rsquo;attire les regards lubriques, les r\u00e9flexions vicieuses, les mecs libidineux, gras et velus qui louchent ostentatoirement sur mes engins&#8230;<\/p>\n<p>Depuis plus de 14 ans, mon dos se vo\u00fbte, mes \u00e9paules sont creus\u00e9es par les bretelles du soutien-gorge (qui a de plus en plus de mal \u00e0 soutenir, le pauvre, il fait ce qu&rsquo;il peut !)<\/p>\n<p>En bref (pas si bref que \u00e7a, mais il faut bien que je vous explique le calvaire que c&rsquo;est non ?) je fais du 95 E (pour 1m58 !)<\/p>\n<p>Ce 6 mars, j&rsquo;ai saut\u00e9 le pas, en serrant les dents, because la trouille. Je me suis endormie en pleurant dans les bras de mon anesth\u00e9siste, et je me suis r\u00e9veill\u00e9e avec 1300 grammes de \u00ab sein \u00bb en moins et un 95 C.<\/p>\n<p>Alors non, je ne suis pas \u00e0 priori pour la chirurgie esth\u00e9tique, mais l\u00e0 justement, \u00e7a n&rsquo;en est pas. C&rsquo;est de la chirurgie r\u00e9paratrice. Pour infos, \u00e0 partir de 300 grammes \u00f4t\u00e9s (par sein) l&rsquo;op\u00e9ration est prise en charge par la S\u00e9curit\u00e9 Sociale.<\/p>\n<p>Alors, bien s\u00fbr ce n&rsquo;est pas aussi simple que \u00e7a, on n&rsquo;est pas au pays des Bisounours, je sais qu&rsquo;il y a des loup\u00e9s, j&rsquo;en ai vu sur le net ( et je vous garantie que, quand c&rsquo;est loup\u00e9, \u00e7a ne fait pas semblant !!).<\/p>\n<p>Il y a aussi les cicatrices, et elles sont longues. Il y a aussi les pansements, et il y en a pour longtemps&#8230;<\/p>\n<p>Moi, ce que je vois c&rsquo;est que presque 3 mois plus tard, je vais bient\u00f4t pouvoir \u00f4ter ma brassi\u00e8re de maintien, et mettre de jolis dessous, et un maillot de bain girlie, et des chemisiers (meuh non ! pas tout ensemble !)<\/p>\n<p>Et surtout, surtout, je me suis redress\u00e9e et je n&rsquo;ai plus mal au dos, et \u00e7a c&rsquo;est magique&#8230;<\/p>\n<p>Je ne regrette absolument rien, si ce n&rsquo;est de l&rsquo;avoir fait plus t\u00f4t. Je me sens, comment dire ?&#8230; r\u00e9par\u00e9e.<\/p>\n<p>Sign\u00e9 : Nathouille \u00bb<\/p>\n","protected":false},"excerpt":{"rendered":"<p>\u00ab Ao\u00fbt 1992 : Dans quelques mois, je vais avoir 20 ans. Ce sont mes premi\u00e8res vacances seule, avec une copine. Nous sommes sur une plage normande et nous avons fait la connaissance de quelques&#8230;<br \/> <a class=\"read-more\" href=\"https:\/\/www.monblogdefille.com\/blog\/7-ans-de-reflexions-par-cote-par-nathouille\/\">Lire la suite \u00bb<\/a><\/p>\n","protected":false},"author":3,"featured_media":0,"comment_status":"open","ping_status":"open","sticky":false,"template":"","format":"standard","meta":{"footnotes":""},"categories":[5377],"tags":[20033],"class_list":["post-64104","post","type-post","status-publish","format-standard","hentry","category-o-toi-lectrice","tag-rondeurs"],"_links":{"self":[{"href":"https:\/\/www.monblogdefille.com\/blog\/wp-json\/wp\/v2\/posts\/64104","targetHints":{"allow":["GET"]}}],"collection":[{"href":"https:\/\/www.monblogdefille.com\/blog\/wp-json\/wp\/v2\/posts"}],"about":[{"href":"https:\/\/www.monblogdefille.com\/blog\/wp-json\/wp\/v2\/types\/post"}],"author":[{"embeddable":true,"href":"https:\/\/www.monblogdefille.com\/blog\/wp-json\/wp\/v2\/users\/3"}],"replies":[{"embeddable":true,"href":"https:\/\/www.monblogdefille.com\/blog\/wp-json\/wp\/v2\/comments?post=64104"}],"version-history":[{"count":0,"href":"https:\/\/www.monblogdefille.com\/blog\/wp-json\/wp\/v2\/posts\/64104\/revisions"}],"wp:attachment":[{"href":"https:\/\/www.monblogdefille.com\/blog\/wp-json\/wp\/v2\/media?parent=64104"}],"wp:term":[{"taxonomy":"category","embeddable":true,"href":"https:\/\/www.monblogdefille.com\/blog\/wp-json\/wp\/v2\/categories?post=64104"},{"taxonomy":"post_tag","embeddable":true,"href":"https:\/\/www.monblogdefille.com\/blog\/wp-json\/wp\/v2\/tags?post=64104"}],"curies":[{"name":"wp","href":"https:\/\/api.w.org\/{rel}","templated":true}]}}