{"id":61691,"date":"2007-05-11T10:09:37","date_gmt":"2007-05-11T10:09:37","guid":{"rendered":"http:\/\/localhost\/wordpress\/?p=61691"},"modified":"2008-05-23T16:22:49","modified_gmt":"2008-05-23T14:22:49","slug":"soiree-troc-a-lyon","status":"publish","type":"post","link":"https:\/\/www.monblogdefille.com\/blog\/soiree-troc-a-lyon\/","title":{"rendered":"Soir\u00e9e troc \u00e0 Lyon"},"content":{"rendered":"<p><img loading=\"lazy\" decoding=\"async\" src=\"wp-content\/themes\/default\/images\/lyon_centre.jpg\" align=\"left\" border=\"0\" height=\"250\" hspace=\"5\" width=\"180\" \/>\u00ab Avis aux lyonnaises !<\/p>\n<p>Encore une exclu dont les parisiennes ne pourront plus se vanter !<\/p>\n<p>Vous rappelez-vous d&rsquo;une petite annonce de Camille, il y a quelques mois de cela, qui cherchait des copines \u00e0 Lyon ? Nous sommes quatre \u00e0 lui avoir r\u00e9pondu&#8230; Et aujourd&rsquo;hui, notre petit club des cinq, apr\u00e8s des orgies de sushis et de muffins sal\u00e9s, a envie de s&rsquo;attaquer \u00e0 l&rsquo;\u00e9tape sup\u00e9rieure: \u00e0 savoir LA FRIIINGUEEEUUUH !!<\/p>\n<p>La soir\u00e9e aura lieu le <strong>mardi 15 mai<\/strong> \u00e0 partir de 20h chez l&rsquo;une d&rsquo;entre nous qui habite rue Duguesclin dans le 6\u00e9, pr\u00e8s du m\u00e9tro, du tram, des bus&#8230; et des v\u00e9lo&rsquo;v pour les courageuses !<\/p>\n<p>Il reste une dizaine de \u00ab\u00a0places\u00a0\u00bb&#8230; On compte parmi nous une responsable des ressources humaines mais on ne va pas faire passer des entretiens non plus: les premi\u00e8res arriv\u00e9es, les premi\u00e8res servies !<\/p>\n<p>Vous pouvez ratisser large: v\u00eatements, chaussures, maroquinerie, produits de beaut\u00e9, livres, voire d\u00e9co &#8211; tant que c&rsquo;est pas les vieux rideaux de l&rsquo;an 40 de mamie Monique&#8230;<\/p>\n<p>La seule condition sine qua non : apporter un petit quelque chose \u00e0 boire\/manger\/sucr\u00e9\/sal\u00e9 (des macarons \u00e0 la tapenade de chez S\u00e8ve par exemple! Hum&#8230;). On verra apr\u00e8s pour s&rsquo;organiser et ne pas se retrouver avec dix quiches lorraines !<\/p>\n<p>A bient\u00f4t !<\/p>\n<p>Sign\u00e9 : Perlette \u00bb<\/p>\n<p><strong>Nota : si vous \u00eates tent\u00e9e par la f\u00eate, laissez votre adresse mail dans la case pr\u00e9vue, je transmettrai aux lyonnaises ;-)<\/strong><\/p>\n<p><strong>Edit de 16h47 : <\/strong>il reste 5 places le girls, ne tra\u00eenez pas, le macaron \u00e0 la tapenade semble m\u00e9chamment attractif ! ;-)<\/p>\n<p><strong>Edit du 13 mai \u00e0 13h29<\/strong> : il reste 3 places, qui aura les derniers macaraons \u00e0 la tapenade ? ;-)<\/p>\n","protected":false},"excerpt":{"rendered":"<p>\u00ab Avis aux lyonnaises ! Encore une exclu dont les parisiennes ne pourront plus se vanter ! Vous rappelez-vous d&rsquo;une petite annonce de Camille, il y a quelques mois de cela, qui cherchait des copines&#8230;<br \/> <a class=\"read-more\" href=\"https:\/\/www.monblogdefille.com\/blog\/soiree-troc-a-lyon\/\">Lire la suite \u00bb<\/a><\/p>\n","protected":false},"author":3,"featured_media":0,"comment_status":"open","ping_status":"open","sticky":false,"template":"","format":"standard","meta":{"footnotes":""},"categories":[1],"tags":[19942],"class_list":["post-61691","post","type-post","status-publish","format-standard","hentry","category-uncategorized","tag-troc"],"_links":{"self":[{"href":"https:\/\/www.monblogdefille.com\/blog\/wp-json\/wp\/v2\/posts\/61691","targetHints":{"allow":["GET"]}}],"collection":[{"href":"https:\/\/www.monblogdefille.com\/blog\/wp-json\/wp\/v2\/posts"}],"about":[{"href":"https:\/\/www.monblogdefille.com\/blog\/wp-json\/wp\/v2\/types\/post"}],"author":[{"embeddable":true,"href":"https:\/\/www.monblogdefille.com\/blog\/wp-json\/wp\/v2\/users\/3"}],"replies":[{"embeddable":true,"href":"https:\/\/www.monblogdefille.com\/blog\/wp-json\/wp\/v2\/comments?post=61691"}],"version-history":[{"count":0,"href":"https:\/\/www.monblogdefille.com\/blog\/wp-json\/wp\/v2\/posts\/61691\/revisions"}],"wp:attachment":[{"href":"https:\/\/www.monblogdefille.com\/blog\/wp-json\/wp\/v2\/media?parent=61691"}],"wp:term":[{"taxonomy":"category","embeddable":true,"href":"https:\/\/www.monblogdefille.com\/blog\/wp-json\/wp\/v2\/categories?post=61691"},{"taxonomy":"post_tag","embeddable":true,"href":"https:\/\/www.monblogdefille.com\/blog\/wp-json\/wp\/v2\/tags?post=61691"}],"curies":[{"name":"wp","href":"https:\/\/api.w.org\/{rel}","templated":true}]}}