{"id":58683,"date":"2007-04-24T18:11:39","date_gmt":"2007-04-24T18:11:39","guid":{"rendered":"http:\/\/localhost\/wordpress\/?p=58683"},"modified":"2008-03-29T17:03:29","modified_gmt":"2008-03-29T16:03:29","slug":"pochette-land","status":"publish","type":"post","link":"https:\/\/www.monblogdefille.com\/blog\/pochette-land\/","title":{"rendered":"Pochette-land"},"content":{"rendered":"<p><img loading=\"lazy\" decoding=\"async\" src=\"wp-content\/themes\/default\/images\/pm_mbdf1.jpg\" align=\"left\" border=\"0\" height=\"188\" hspace=\"5\" width=\"250\" \/>Les filles je vous suis dr\u00f4lement reconnaissante : non seulement vous m&rsquo;avez achet\u00e9 des tas de pochettes, mais en plus vous venez adorablement m&rsquo;en remercier par mails et commentaires quand vous les recevez. C&rsquo;est \u00e0 moi de vous remercier, je vous signale ;-)<br \/>\nJe suis super touch\u00e9e qu&rsquo;elle vous plaise et que vous soyez si enthousiastes de l&rsquo;avoir, vraiment.<br \/>\nJe pense n&rsquo;avoir oubli\u00e9 personne dans les exp\u00e9ditions, je continue \u00e0 faire \u00e7a au fur et \u00e0 mesure que vos commandes arrivent, donc au maximum dans les 48h.<br \/>\nJ&rsquo;ai sur ma liste (ben oui j&rsquo;ai une liste dans un beau fichier excel limite avec des couleurs, juste un paquet de post-il je vous raconte pas le souk) quelques unes d&rsquo;entre vous qui ont r\u00e9serv\u00e9 des pochettes mais sans m&rsquo;envoyer de sous.<br \/>\nOr moi je dis, pas de p\u00e9pettes, pas de pochette. Yep, la vie est dure, en m\u00eame temps mon marchand de saucisson refuse de me faire cr\u00e9dit, faut bien que je r\u00e9percute sinon je vais me retrouver \u00e0 manger que des haricots vers, quelle angoisse ;-)<br \/>\nEst-ce que j&rsquo;apporte leurs exemplaires \u00e0 celles qui seront l\u00e0 demain soir chez Ginette, pour la f\u00eate de Caro (d\u00e9sol\u00e9e Caro de squatter ta f\u00eate, mais certaines pr\u00e9f\u00e8rent \u00e9viter de prendre le risque d&rsquo;utiliser la Poste, et je sais pas quand je les verrai en dehors de cette occasion ;-) ? Faut me dire si je prends mon immense cabas pour les mettre dedans ou un petit sac du soir en diamants avec juste mon baume \u00e0 l\u00e8vres ;-))<br \/>\nEn dehors de ces consid\u00e9rations mat\u00e9rielles, certes triviales mais incontournables, j&rsquo;ai un question \u00e0 vous poser parce que \u00e7a m&rsquo;intrigue vachement : vous mettez quoi vous, dans votre pochette ?<\/p>\n","protected":false},"excerpt":{"rendered":"<p>Les filles je vous suis dr\u00f4lement reconnaissante : non seulement vous m&rsquo;avez achet\u00e9 des tas de pochettes, mais en plus vous venez adorablement m&rsquo;en remercier par mails et commentaires quand vous les recevez. C&rsquo;est \u00e0&#8230;<br \/> <a class=\"read-more\" href=\"https:\/\/www.monblogdefille.com\/blog\/pochette-land\/\">Lire la suite \u00bb<\/a><\/p>\n","protected":false},"author":3,"featured_media":0,"comment_status":"open","ping_status":"open","sticky":false,"template":"","format":"standard","meta":{"footnotes":""},"categories":[9686],"tags":[19955,19966,19958],"class_list":["post-58683","post","type-post","status-publish","format-standard","hentry","category-La-boutique-mon-blog-de-fille","tag-diamants","tag-petite-mendigote","tag-saucisson"],"_links":{"self":[{"href":"https:\/\/www.monblogdefille.com\/blog\/wp-json\/wp\/v2\/posts\/58683","targetHints":{"allow":["GET"]}}],"collection":[{"href":"https:\/\/www.monblogdefille.com\/blog\/wp-json\/wp\/v2\/posts"}],"about":[{"href":"https:\/\/www.monblogdefille.com\/blog\/wp-json\/wp\/v2\/types\/post"}],"author":[{"embeddable":true,"href":"https:\/\/www.monblogdefille.com\/blog\/wp-json\/wp\/v2\/users\/3"}],"replies":[{"embeddable":true,"href":"https:\/\/www.monblogdefille.com\/blog\/wp-json\/wp\/v2\/comments?post=58683"}],"version-history":[{"count":0,"href":"https:\/\/www.monblogdefille.com\/blog\/wp-json\/wp\/v2\/posts\/58683\/revisions"}],"wp:attachment":[{"href":"https:\/\/www.monblogdefille.com\/blog\/wp-json\/wp\/v2\/media?parent=58683"}],"wp:term":[{"taxonomy":"category","embeddable":true,"href":"https:\/\/www.monblogdefille.com\/blog\/wp-json\/wp\/v2\/categories?post=58683"},{"taxonomy":"post_tag","embeddable":true,"href":"https:\/\/www.monblogdefille.com\/blog\/wp-json\/wp\/v2\/tags?post=58683"}],"curies":[{"name":"wp","href":"https:\/\/api.w.org\/{rel}","templated":true}]}}