{"id":57776,"date":"2006-09-07T09:00:43","date_gmt":"2006-09-07T08:00:43","guid":{"rendered":"http:\/\/localhost\/wordpress\/?p=57776"},"modified":"2013-11-06T19:49:21","modified_gmt":"2013-11-06T18:49:21","slug":"beau-mariage-pour-virginie","status":"publish","type":"post","link":"https:\/\/www.monblogdefille.com\/blog\/beau-mariage-pour-virginie\/","title":{"rendered":"Beau mariage pour Virginie"},"content":{"rendered":"<p><span style=\"font-size: 10pt; font-family: Arial;\"><img decoding=\"async\" alt=\"\" src=\"wp-content\/themes\/default\/images\/wanted3.jpg\" align=\"left\" hspace=\"5\" \/>\u00ab Bonjour !<\/span><\/p>\n<p><span style=\"font-size: 10pt; font-family: Arial;\">Mon homme et moi, on se demande si on ne va pas se marier un jour (en fait, on va la faire, la question est comment), parce que c&rsquo;est le grand amour ! En fait, \u00e7a serait en septembre 2007 ou en juin 2008.<\/span><\/p>\n<p><span style=\"font-size: 10pt; font-family: Arial;\">Sauf que on n&rsquo;a pas vraiment le temps et on recherche :<\/span><\/p>\n<p><span style=\"font-size: 10pt; font-family: Arial;\">&#8211; un endroit sympa, pas trop cher, \u00e0 Paris ou pas tr\u00e8s loin de Champs sur Marne (77) qui pourrait accueillir jusqu&rsquo;\u00e0 300 personnes because j&rsquo;ai une tr\u00e8s grande famille. Ca peut \u00eatre un ch\u00e2teau, un g\u00eete, etc. N&rsquo;importe quoi d&rsquo;un peu chouette.<\/span><\/p>\n<p><span style=\"font-size: 10pt; font-family: Arial;\">&#8211; un(e) wedding planner dou\u00e9(e) et pas hors de prix parce que si c&rsquo;est septembre, on va pas avoir le temps de tout faire bien et qu&rsquo;en plus, l&rsquo;achat de notre home sweet home prend du temps, <a title=\"photographe mariage suisse\" href=\"http:\/\/www.lunacatstudio.fr\/\" target=\"_blank\" rel=\"dofollow noopener\">photographe mariage | photographe mariage suisse<\/a>.<\/span><\/p>\n<p><span style=\"font-size: 10pt; font-family: Arial;\">&#8211; un traiteur bon et raisonnable.<\/span><\/p>\n<p><span style=\"font-size: 10pt; font-family: Arial;\">Parce qu&rsquo;on aimerait bien un beau mariage mais pas hors de prix, m\u00eame si on a 37 ans, on a droit \u00e0 nos mariages de f\u00e9es, non ?<\/span><\/p>\n<p><span style=\"font-size: 10pt; font-family: Arial;\">Merci pour votre aide !<\/span><\/p>\n<p><span style=\"font-size: 10pt; font-family: Arial;\">Sign\u00e9 : Virginie \u00bb<\/span><\/p>\n","protected":false},"excerpt":{"rendered":"<p>\u00ab Bonjour ! Mon homme et moi, on se demande si on ne va pas se marier un jour (en fait, on va la faire, la question est comment), parce que c&rsquo;est le grand amour&#8230;<br \/> <a class=\"read-more\" href=\"https:\/\/www.monblogdefille.com\/blog\/beau-mariage-pour-virginie\/\">Lire la suite \u00bb<\/a><\/p>\n","protected":false},"author":3,"featured_media":0,"comment_status":"open","ping_status":"open","sticky":false,"template":"","format":"standard","meta":{"footnotes":""},"categories":[20012,1502],"tags":[],"class_list":["post-57776","post","type-post","status-publish","format-standard","hentry","category-brol-divers","category-wanted"],"_links":{"self":[{"href":"https:\/\/www.monblogdefille.com\/blog\/wp-json\/wp\/v2\/posts\/57776","targetHints":{"allow":["GET"]}}],"collection":[{"href":"https:\/\/www.monblogdefille.com\/blog\/wp-json\/wp\/v2\/posts"}],"about":[{"href":"https:\/\/www.monblogdefille.com\/blog\/wp-json\/wp\/v2\/types\/post"}],"author":[{"embeddable":true,"href":"https:\/\/www.monblogdefille.com\/blog\/wp-json\/wp\/v2\/users\/3"}],"replies":[{"embeddable":true,"href":"https:\/\/www.monblogdefille.com\/blog\/wp-json\/wp\/v2\/comments?post=57776"}],"version-history":[{"count":0,"href":"https:\/\/www.monblogdefille.com\/blog\/wp-json\/wp\/v2\/posts\/57776\/revisions"}],"wp:attachment":[{"href":"https:\/\/www.monblogdefille.com\/blog\/wp-json\/wp\/v2\/media?parent=57776"}],"wp:term":[{"taxonomy":"category","embeddable":true,"href":"https:\/\/www.monblogdefille.com\/blog\/wp-json\/wp\/v2\/categories?post=57776"},{"taxonomy":"post_tag","embeddable":true,"href":"https:\/\/www.monblogdefille.com\/blog\/wp-json\/wp\/v2\/tags?post=57776"}],"curies":[{"name":"wp","href":"https:\/\/api.w.org\/{rel}","templated":true}]}}