{"id":57772,"date":"2007-04-19T09:56:55","date_gmt":"2007-04-19T07:56:55","guid":{"rendered":"http:\/\/localhost\/wordpress\/?p=57772"},"modified":"2012-07-25T11:34:26","modified_gmt":"2012-07-25T09:34:26","slug":"killing-poils","status":"publish","type":"post","link":"https:\/\/www.monblogdefille.com\/blog\/killing-poils\/","title":{"rendered":"Killing poils"},"content":{"rendered":"<p class=\"MsoNormal\"><span style=\"font-size: 10pt; font-family: Arial\"><img decoding=\"async\" src=\"wp-content\/themes\/default\/images\/ours%20web.jpg\" align=\"left\" hspace=\"5\" \/>Hier je suis all\u00e9e me faire las\u00e9rifier le boum-boum (et le reste) en pr\u00e9vision de l\u2019\u00e9t\u00e9. Je vous tiens au courant bec\u00f4z on a dit que je vous racontais tout sur le laser, tant que c\u2019est pas fini je viens au rapport.<br \/>\nJ\u2019y avais pas foutu les pieds depuis le mois de d\u00e9cembre, d\u2019abord parce que mes poils ne poussent pas (en m\u00eame temps vu ce que j\u2019ai sur la caillou \u00e7a n\u2019est que justice), ensuite parce que \u00e7a co\u00fbte la peau, or ces derniers temps j\u2019ai fait botox (et sacs-et poudres MAC-et jeans qui d\u00e9teignent-et sandales compens\u00e9es-mais le dites pas \u00e0 ma banqui\u00e8re) plut\u00f4t que laser, il y a des choix (draconiens) \u00e0 faire dans la vie.<br \/>\nJ\u2019ai eu super la flemme de me faite l\u2019emballage dans du film \u00e9tirable avec cr\u00e8me anesth\u00e9siante, moyennant quoi j\u2019ai pleur\u00e9 en arrivant pour qu\u2019on me fasse pas un maillot sa race comme d\u2019hab. Je peux vous dire que m\u00eame pour quelques poils classiques j\u2019\u00e9tais cramponn\u00e9e au fauteuil tellement \u00e7a fait mal, je me foutais pas mal d\u2019avoir le SIF velu, tout plut\u00f4t qu\u2019un coup de laser \u00e0 cet endroit-l\u00e0.<br \/>\nApr\u00e8s quoi la fille s\u2019est extasi\u00e9e sur le fait que j\u2019avais quasi plus poil sur les jambes, ce \u00e0 quoi j\u2019ai r\u00e9pliqu\u00e9 une fois de plus que vu ma crini\u00e8re merdique, \u00e7a valait mieux, non mais.<br \/>\nJe n\u2019y retournerai pas avant le mois de novembre parce que je vais prendre de l\u2019Oenobiol solaire, me mettre au soleil, des tas de trucs incompatibles avec le laser, mais si je dois raser deux fois dans l\u2019\u00e9t\u00e9 \u00e7a sera bien le diable, c\u2019est quasi fini.<br \/>\nAh ah, je vais d\u00e9sormais pouvoir consacrer tout mon budget au botox ! ;-))<o><\/o><\/span><\/p>\n","protected":false},"excerpt":{"rendered":"<p>Hier je suis all\u00e9e me faire las\u00e9rifier le boum-boum (et le reste) en pr\u00e9vision de l\u2019\u00e9t\u00e9. Je vous tiens au courant bec\u00f4z on a dit que je vous racontais tout sur le laser, tant que&#8230;<br \/> <a class=\"read-more\" href=\"https:\/\/www.monblogdefille.com\/blog\/killing-poils\/\">Lire la suite \u00bb<\/a><\/p>\n","protected":false},"author":3,"featured_media":0,"comment_status":"open","ping_status":"open","sticky":false,"template":"","format":"standard","meta":{"footnotes":""},"categories":[20040,1479],"tags":[20120,19945,20179],"class_list":["post-57772","post","type-post","status-publish","format-standard","hentry","category-medecine-esthetique","category-poils-cils-sourcils","tag-epilation","tag-laser","tag-medecine-esthetique"],"_links":{"self":[{"href":"https:\/\/www.monblogdefille.com\/blog\/wp-json\/wp\/v2\/posts\/57772","targetHints":{"allow":["GET"]}}],"collection":[{"href":"https:\/\/www.monblogdefille.com\/blog\/wp-json\/wp\/v2\/posts"}],"about":[{"href":"https:\/\/www.monblogdefille.com\/blog\/wp-json\/wp\/v2\/types\/post"}],"author":[{"embeddable":true,"href":"https:\/\/www.monblogdefille.com\/blog\/wp-json\/wp\/v2\/users\/3"}],"replies":[{"embeddable":true,"href":"https:\/\/www.monblogdefille.com\/blog\/wp-json\/wp\/v2\/comments?post=57772"}],"version-history":[{"count":0,"href":"https:\/\/www.monblogdefille.com\/blog\/wp-json\/wp\/v2\/posts\/57772\/revisions"}],"wp:attachment":[{"href":"https:\/\/www.monblogdefille.com\/blog\/wp-json\/wp\/v2\/media?parent=57772"}],"wp:term":[{"taxonomy":"category","embeddable":true,"href":"https:\/\/www.monblogdefille.com\/blog\/wp-json\/wp\/v2\/categories?post=57772"},{"taxonomy":"post_tag","embeddable":true,"href":"https:\/\/www.monblogdefille.com\/blog\/wp-json\/wp\/v2\/tags?post=57772"}],"curies":[{"name":"wp","href":"https:\/\/api.w.org\/{rel}","templated":true}]}}