{"id":57365,"date":"2007-04-17T09:09:19","date_gmt":"2007-04-17T07:09:19","guid":{"rendered":"http:\/\/localhost\/wordpress\/?p=57365"},"modified":"2011-12-31T18:19:33","modified_gmt":"2011-12-31T17:19:33","slug":"dieu-existe-il-sappelle-pierre-francois-pascal","status":"publish","type":"post","link":"https:\/\/www.monblogdefille.com\/blog\/dieu-existe-il-sappelle-pierre-francois-pascal\/","title":{"rendered":"Dieu existe, il s\u2019appelle Pierre-Fran\u00e7ois-Pascal"},"content":{"rendered":"<p class=\"MsoNormal\"><span style=\"font-size: 10pt; font-family: Arial\"><img decoding=\"async\" src=\"wp-content\/themes\/default\/images\/baume_guerlain.jpg\" align=\"left\" hspace=\"5\" \/>Les girls il se passe un truc stup\u00e9fiant qui d\u00e9chire sa race, que j\u2019ose \u00e0 peine l\u2019\u00e9crire tellement j\u2019ai peur que \u00e7a fasse capoter l\u2019affaire, et que 2001 l\u2019Odyss\u00e9e pou\u00eat avec les singes, l\u00e0, \u00e0 c\u00f4t\u00e9 c\u2019est Winnie l\u2019Ourson chez Oui-Oui (je crois que ce film \u2013 2001, pas Oui-Oui &#8211; est le plus surchiantissime que j\u2019ai vu de toute ma vie, avec les Ailes du d\u00e9sir quand m\u00eame, seul de toute la cr\u00e9ation cin\u00e9matographique pendant lequel je me suis endormie \u2013 oui aujourd\u2019hui c\u2019est un jour \u00e0 digressions).<br \/>\nJe sais vous en avez ras le bol de mon obsession du baume \u00e0 l\u00e8vres, promis c\u2019est la derni\u00e8re fois que j\u2019en parle (des promesses ! toujours des promesses !).<br \/>\nJe crois (vous noterez la pr\u00e9caution oratoire), apr\u00e8s des mois de recherches acharn\u00e9es et ruineuses, avoir trouv\u00e9 le baume \u00e0 l\u00e8vres qui me convient pour la journ\u00e9e.<br \/>\nAha, \u00e7a vous en bouche un coin hein ?<br \/>\nIl s\u2019agit du Baume de la Fert\u00e9, invent\u00e9 en 1882 par Guerlain, et fabriqu\u00e9 au d\u00e9part pour les nichons crevass\u00e9s des nourrices (je sais, c\u2019est d\u00e9gueulasse, mais au bout du compte pas tellement plus que la cr\u00e8me de 8 heures cr\u00e9\u00e9e pour un sabot de cheval et je crois qu\u2019\u00e0 tout prendre je pr\u00e9f\u00e8re encore un sabot de cheval \u00e0 un nichon crevass\u00e9. Mais chacun sa vie, revenons \u00e0 bride abattue \u00e0 nos nourrices).<br \/>\nComme son nom l\u2019indique c\u2019est un baume, qui sent un peu mais rien d\u2019offensant,<span>  <\/span>ne brille pas, ne colle pas, n\u2019a presque pas de go\u00fbt, et fonctionne pour de bon (z\u2019avez vu comme tout de suite \u00e7a devient chiant quand je fais pas de digressions ? Non il n\u2019y a pas de s en plus, j\u2019ai v\u00e9rifi\u00e9, vous m\u2019aurez pas comme \u00e7a).<br \/>\nLe jour o\u00f9 j\u2019ai r\u00e9alis\u00e9 que j\u2019avais pass\u00e9 quatre heures sans en remettre (je vous rappelle que normalement c\u2019est toutes les trois minutes), j\u2019ai bien cru me collapser d\u2019\u00e9motion cosm\u00e9tique.<br \/>\nCertes, 18 \u20ac le tube, mais \u00e0 mon avis \u00e7a dure un moment, et puis je suis pr\u00eate \u00e0 mettre le prix pour ne pas avoir les l\u00e8vres en nichons de nourrice.<br \/>\nSi je m\u2019\u00e9coutais j\u2019irais bien embrasser Pierre-Fran\u00e7ois-Pascal* dans sa tombe, malgr\u00e9 ma phobie des squelettes et des momies !<o><\/o><\/span>\n<\/p>\n<p class=\"MsoNormal\"><span style=\"font-size: 10pt; font-family: Arial\">* Ouais, y s\u2019appelle comme \u00e7a le fondateur de Guerlain. Aim\u00e9 c\u2019\u00e9tait son fils.<\/span><\/p>\n<p class=\"MsoNormal\"><strong>PS<\/strong> : les pochettes sont toujours en vente hein, je pr\u00e9cise, des fois que vous ayez des doutes au vu du changement de billet ;-)<br \/>\n<span style=\"font-size: 10pt; font-family: Arial\"><o><\/o><\/span><\/p>\n","protected":false},"excerpt":{"rendered":"<p>Les girls il se passe un truc stup\u00e9fiant qui d\u00e9chire sa race, que j\u2019ose \u00e0 peine l\u2019\u00e9crire tellement j\u2019ai peur que \u00e7a fasse capoter l\u2019affaire, et que 2001 l\u2019Odyss\u00e9e pou\u00eat avec les singes, l\u00e0, \u00e0&#8230;<br \/> <a class=\"read-more\" href=\"https:\/\/www.monblogdefille.com\/blog\/dieu-existe-il-sappelle-pierre-francois-pascal\/\">Lire la suite \u00bb<\/a><\/p>\n","protected":false},"author":3,"featured_media":0,"comment_status":"open","ping_status":"open","sticky":false,"template":"","format":"standard","meta":{"footnotes":""},"categories":[1489],"tags":[19951],"class_list":["post-57365","post","type-post","status-publish","format-standard","hentry","category-le-soin","tag-baume-a-levres"],"_links":{"self":[{"href":"https:\/\/www.monblogdefille.com\/blog\/wp-json\/wp\/v2\/posts\/57365","targetHints":{"allow":["GET"]}}],"collection":[{"href":"https:\/\/www.monblogdefille.com\/blog\/wp-json\/wp\/v2\/posts"}],"about":[{"href":"https:\/\/www.monblogdefille.com\/blog\/wp-json\/wp\/v2\/types\/post"}],"author":[{"embeddable":true,"href":"https:\/\/www.monblogdefille.com\/blog\/wp-json\/wp\/v2\/users\/3"}],"replies":[{"embeddable":true,"href":"https:\/\/www.monblogdefille.com\/blog\/wp-json\/wp\/v2\/comments?post=57365"}],"version-history":[{"count":0,"href":"https:\/\/www.monblogdefille.com\/blog\/wp-json\/wp\/v2\/posts\/57365\/revisions"}],"wp:attachment":[{"href":"https:\/\/www.monblogdefille.com\/blog\/wp-json\/wp\/v2\/media?parent=57365"}],"wp:term":[{"taxonomy":"category","embeddable":true,"href":"https:\/\/www.monblogdefille.com\/blog\/wp-json\/wp\/v2\/categories?post=57365"},{"taxonomy":"post_tag","embeddable":true,"href":"https:\/\/www.monblogdefille.com\/blog\/wp-json\/wp\/v2\/tags?post=57365"}],"curies":[{"name":"wp","href":"https:\/\/api.w.org\/{rel}","templated":true}]}}