{"id":56426,"date":"2006-09-07T08:58:51","date_gmt":"2006-09-07T07:58:51","guid":{"rendered":"http:\/\/localhost\/wordpress\/?p=56426"},"modified":"2009-01-26T01:48:40","modified_gmt":"2009-01-26T00:48:40","slug":"new-look-a-lille-pour-anne","status":"publish","type":"post","link":"https:\/\/www.monblogdefille.com\/blog\/new-look-a-lille-pour-anne\/","title":{"rendered":"New look \u00e0 Lille pour anne"},"content":{"rendered":"<p class=\"MsoNormal\"><span style=\"font-size: 10pt; font-family: Arial\"><img decoding=\"async\" src=\"wp-content\/themes\/default\/images\/wanted3.jpg\" align=\"left\" hspace=\"5\" \/>\u00ab Bonjour !<\/span><\/p>\n<p class=\"MsoNormal\"><span style=\"font-size: 10pt; font-family: Arial\">J&rsquo;ai vu sur le site du magasin new look qu&rsquo;un nouveau magasin allait ouvrir \u00e0 Lille au \u00ab\u00a0printemps 2007\u00a0\u00bb. Je me rends \u00e0 Lille prochainement et je n&rsquo;envisage pour l&rsquo;instant pas de me rendre en r\u00e9gion parisienne o\u00f9 se concentrent tous les new look de France !<\/span><\/p>\n<p class=\"MsoNormal\"><span style=\"font-size: 10pt; font-family: Arial\">Donc je souhaiterais savoir si quelqu&rsquo;un connaissait la date d&rsquo;ouverture du magasin lillois ?<br \/>\nJ&rsquo;ai flash\u00e9 sur une paire de chaussures new look magnifiques sur un blog et elles me hantent&#8230;<\/span>\n<\/p>\n<p class=\"MsoNormal\"><span style=\"font-size: 10pt; font-family: Arial\">Merci beaucoup \u00e0 toutes !<\/span><\/p>\n<p class=\"MsoNormal\"><span style=\"font-size: 10pt; font-family: Arial\">Sign\u00e9 : anne. \u00bb<\/span><span style=\"font-size: 10pt\"><o><\/o><\/span><\/p>\n","protected":false},"excerpt":{"rendered":"<p>\u00ab Bonjour ! J&rsquo;ai vu sur le site du magasin new look qu&rsquo;un nouveau magasin allait ouvrir \u00e0 Lille au \u00ab\u00a0printemps 2007\u00a0\u00bb. Je me rends \u00e0 Lille prochainement et je n&rsquo;envisage pour l&rsquo;instant pas de&#8230;<br \/> <a class=\"read-more\" href=\"https:\/\/www.monblogdefille.com\/blog\/new-look-a-lille-pour-anne\/\">Lire la suite \u00bb<\/a><\/p>\n","protected":false},"author":3,"featured_media":0,"comment_status":"open","ping_status":"open","sticky":false,"template":"","format":"standard","meta":{"footnotes":""},"categories":[20008,1502],"tags":[],"class_list":["post-56426","post","type-post","status-publish","format-standard","hentry","category-fringues-bijoux-sacs","category-wanted"],"_links":{"self":[{"href":"https:\/\/www.monblogdefille.com\/blog\/wp-json\/wp\/v2\/posts\/56426","targetHints":{"allow":["GET"]}}],"collection":[{"href":"https:\/\/www.monblogdefille.com\/blog\/wp-json\/wp\/v2\/posts"}],"about":[{"href":"https:\/\/www.monblogdefille.com\/blog\/wp-json\/wp\/v2\/types\/post"}],"author":[{"embeddable":true,"href":"https:\/\/www.monblogdefille.com\/blog\/wp-json\/wp\/v2\/users\/3"}],"replies":[{"embeddable":true,"href":"https:\/\/www.monblogdefille.com\/blog\/wp-json\/wp\/v2\/comments?post=56426"}],"version-history":[{"count":0,"href":"https:\/\/www.monblogdefille.com\/blog\/wp-json\/wp\/v2\/posts\/56426\/revisions"}],"wp:attachment":[{"href":"https:\/\/www.monblogdefille.com\/blog\/wp-json\/wp\/v2\/media?parent=56426"}],"wp:term":[{"taxonomy":"category","embeddable":true,"href":"https:\/\/www.monblogdefille.com\/blog\/wp-json\/wp\/v2\/categories?post=56426"},{"taxonomy":"post_tag","embeddable":true,"href":"https:\/\/www.monblogdefille.com\/blog\/wp-json\/wp\/v2\/tags?post=56426"}],"curies":[{"name":"wp","href":"https:\/\/api.w.org\/{rel}","templated":true}]}}