{"id":56425,"date":"2007-04-12T08:34:45","date_gmt":"2007-04-12T06:34:45","guid":{"rendered":"http:\/\/localhost\/wordpress\/?p=56425"},"modified":"2016-08-15T20:19:10","modified_gmt":"2016-08-15T18:19:10","slug":"mes-fesses-de-touareg","status":"publish","type":"post","link":"https:\/\/www.monblogdefille.com\/blog\/mes-fesses-de-touareg\/","title":{"rendered":"Mes fesses de touareg"},"content":{"rendered":"<p class=\"MsoNormal\"><span style=\"font-size: 10pt; font-family: Arial\"><img decoding=\"async\" src=\"wp-content\/themes\/default\/images\/matisse2.jpg\" align=\"left\" hspace=\"5\" \/>Je sais pas vous mais moi je tombe sur des jeans dont on croirait qu\u2019ils n\u2019ont subi aucune fixation de couleur avant d\u2019\u00eatre mis en vente ; bleu sombre, ils d\u00e9teignent \u2013 \u00e0 sec \u2013 sur tout ce qu\u2019ils touchent : j\u2019ai les ongles bleus si je me gratte la cuisse, je n\u2019ose pas porter mes chaussures claires avec, mes tee-shirts blancs deviennent indigo dans le bas, et comble de la hype et de la glamouritude, mes fesses et mes cuisses tournent en une journ\u00e9e au bleu gris.<br \/>\nComme un touareg sous son ch\u00e8che, sauf qu\u2019il porte pas son ch\u00e8che sur les fesses, le touareg, mais je me comprends : le tissu lui d\u00e9teint sur la peau pareil, m\u00eame qu\u2019au bout d\u2019un moment \u00e7a part plus (c\u2019est pour \u00e7a qu\u2019on les appelle les hommes bleus du d\u00e9sert, c\u2019\u00e9tait la minute culturelle, il en faut aussi).<br \/>\nChez moi la couleur perdure au moins deux ou trois jours, et j\u2019ai d\u00e9couvert avec une stup\u00e9faction l\u00e9g\u00e8rement horrifi\u00e9e, que mes draps \u00e9taient bleus aussi, mes fesses surimbib\u00e9es ayant \u00e0 leur tour d\u00e9teint dessus ! C\u2019est d\u00e9mentiel.<br \/>\nJ\u2019ai achet\u00e9 du vinaigre blanc comme pr\u00e9conis\u00e9 par les grand-m\u00e8res, pour fixer la couleur tout en prot\u00e9geant ma machine du calcaire (et en assouplissant le linge, ce produit devrait \u00eatre canonis\u00e9). Mais je suis m\u00eame pas s\u00fbre que \u00e7a suffise (en attendant toutes mes fringues sentent le vinaigre, j\u2019ai d\u00fb trop en mettre, j\u2019ai pas l\u2019air con tiens).<br \/>\nSi \u00e7a se trouve je vais devoir laisser tremper mes jeans au moins un mois dans du gros sel, comme des magrets de canard.<br \/>\nMoi je dis, la vie de touareg, c\u2019est pas de la tarte.<o><\/o><\/span><\/p>\n","protected":false},"excerpt":{"rendered":"<p>Je sais pas vous mais moi je tombe sur des jeans dont on croirait qu\u2019ils n\u2019ont subi aucune fixation de couleur avant d\u2019\u00eatre mis en vente ; bleu sombre, ils d\u00e9teignent \u2013 \u00e0 sec \u2013&#8230;<br \/> <a class=\"read-more\" href=\"https:\/\/www.monblogdefille.com\/blog\/mes-fesses-de-touareg\/\">Lire la suite \u00bb<\/a><\/p>\n","protected":false},"author":3,"featured_media":0,"comment_status":"open","ping_status":"open","sticky":false,"template":"","format":"standard","meta":{"footnotes":""},"categories":[20177],"tags":[],"class_list":["post-56425","post","type-post","status-publish","format-standard","hentry","category-mode"],"_links":{"self":[{"href":"https:\/\/www.monblogdefille.com\/blog\/wp-json\/wp\/v2\/posts\/56425","targetHints":{"allow":["GET"]}}],"collection":[{"href":"https:\/\/www.monblogdefille.com\/blog\/wp-json\/wp\/v2\/posts"}],"about":[{"href":"https:\/\/www.monblogdefille.com\/blog\/wp-json\/wp\/v2\/types\/post"}],"author":[{"embeddable":true,"href":"https:\/\/www.monblogdefille.com\/blog\/wp-json\/wp\/v2\/users\/3"}],"replies":[{"embeddable":true,"href":"https:\/\/www.monblogdefille.com\/blog\/wp-json\/wp\/v2\/comments?post=56425"}],"version-history":[{"count":0,"href":"https:\/\/www.monblogdefille.com\/blog\/wp-json\/wp\/v2\/posts\/56425\/revisions"}],"wp:attachment":[{"href":"https:\/\/www.monblogdefille.com\/blog\/wp-json\/wp\/v2\/media?parent=56425"}],"wp:term":[{"taxonomy":"category","embeddable":true,"href":"https:\/\/www.monblogdefille.com\/blog\/wp-json\/wp\/v2\/categories?post=56425"},{"taxonomy":"post_tag","embeddable":true,"href":"https:\/\/www.monblogdefille.com\/blog\/wp-json\/wp\/v2\/tags?post=56425"}],"curies":[{"name":"wp","href":"https:\/\/api.w.org\/{rel}","templated":true}]}}