{"id":54977,"date":"2007-04-04T08:50:55","date_gmt":"2007-04-04T08:50:55","guid":{"rendered":"http:\/\/localhost\/wordpress\/?p=54977"},"modified":"2008-03-25T16:20:13","modified_gmt":"2008-03-25T15:20:13","slug":"mon-blog-de-fille-sur-ellefr","status":"publish","type":"post","link":"https:\/\/www.monblogdefille.com\/blog\/mon-blog-de-fille-sur-ellefr\/","title":{"rendered":"Mon blog de fille sur Elle.fr"},"content":{"rendered":"<p><img decoding=\"async\" src=\"wp-content\/themes\/default\/images\/ellefr.png\" align=\"left\" hspace=\"5\" \/>Cette semaine sur <a href=\"http:\/\/www.elle.fr\/elle\/mode\/dossiers\/des-clics-fashion\" hreflang=\"fr\" target=\"_blank\" rel=\"noopener\"><ins>Elle.fr<\/ins><\/a><ins> <\/ins>(pour lequel je ne travaille plus depuis des mois, des fois qu&rsquo;une mauvaise langue serait tent\u00e9e de venir crachoter aigrement que c&rsquo;est du piston), un dossier sur les meilleurs blogs de mode ; je trouve tr\u00e8s gentil \u00e0 la journaliste d&rsquo;avoir mis le mien dedans, vu que je suis pas super passionn\u00e9e par la mode et que j&rsquo;y connais que pouic malgr\u00e9 mon amour d\u00e9mentiel de la sape ;-) Je ne sais plus quelle actrice disait r\u00e9cemment dans une interview :<br \/>\n\u00ab\u00a0j&rsquo;adore les v\u00eatements, pas la mode\u00a0\u00bb. Suis bien d&rsquo;accord avec elle, tr\u00e8s bonne d\u00e9finition.<\/p>\n","protected":false},"excerpt":{"rendered":"<p>Cette semaine sur Elle.fr (pour lequel je ne travaille plus depuis des mois, des fois qu&rsquo;une mauvaise langue serait tent\u00e9e de venir crachoter aigrement que c&rsquo;est du piston), un dossier sur les meilleurs blogs de&#8230;<br \/> <a class=\"read-more\" href=\"https:\/\/www.monblogdefille.com\/blog\/mon-blog-de-fille-sur-ellefr\/\">Lire la suite \u00bb<\/a><\/p>\n","protected":false},"author":3,"featured_media":0,"comment_status":"open","ping_status":"open","sticky":false,"template":"","format":"standard","meta":{"footnotes":""},"categories":[1504],"tags":[],"class_list":["post-54977","post","type-post","status-publish","format-standard","hentry","category-revue-de-presse"],"_links":{"self":[{"href":"https:\/\/www.monblogdefille.com\/blog\/wp-json\/wp\/v2\/posts\/54977","targetHints":{"allow":["GET"]}}],"collection":[{"href":"https:\/\/www.monblogdefille.com\/blog\/wp-json\/wp\/v2\/posts"}],"about":[{"href":"https:\/\/www.monblogdefille.com\/blog\/wp-json\/wp\/v2\/types\/post"}],"author":[{"embeddable":true,"href":"https:\/\/www.monblogdefille.com\/blog\/wp-json\/wp\/v2\/users\/3"}],"replies":[{"embeddable":true,"href":"https:\/\/www.monblogdefille.com\/blog\/wp-json\/wp\/v2\/comments?post=54977"}],"version-history":[{"count":0,"href":"https:\/\/www.monblogdefille.com\/blog\/wp-json\/wp\/v2\/posts\/54977\/revisions"}],"wp:attachment":[{"href":"https:\/\/www.monblogdefille.com\/blog\/wp-json\/wp\/v2\/media?parent=54977"}],"wp:term":[{"taxonomy":"category","embeddable":true,"href":"https:\/\/www.monblogdefille.com\/blog\/wp-json\/wp\/v2\/categories?post=54977"},{"taxonomy":"post_tag","embeddable":true,"href":"https:\/\/www.monblogdefille.com\/blog\/wp-json\/wp\/v2\/tags?post=54977"}],"curies":[{"name":"wp","href":"https:\/\/api.w.org\/{rel}","templated":true}]}}