{"id":51376,"date":"2007-03-19T08:42:29","date_gmt":"2007-03-19T07:42:29","guid":{"rendered":"http:\/\/localhost\/wordpress\/?p=51376"},"modified":"2015-09-01T17:13:07","modified_gmt":"2015-09-01T15:13:07","slug":"audrey-soit-avec-nous","status":"publish","type":"post","link":"https:\/\/www.monblogdefille.com\/blog\/audrey-soit-avec-nous\/","title":{"rendered":"Audrey, soit avec nous !"},"content":{"rendered":"<p class=\"MsoNormal\"><span style=\"font-size: 10pt; font-family: Arial\"><img decoding=\"async\" src=\"wp-content\/themes\/default\/images\/pantalon_gap.jpg\" align=\"left\" hspace=\"5\" \/>Parce qu\u2019un jean slim avec des ballerines c\u2019est vraiment la mis\u00e8re tellement \u00e7a fait pauvre clone d\u00e9nu\u00e9e d\u2019imagination, et que je me prends les pieds dans mes pantalons pas slims si j\u2019ai pas de talons, il me fallait une alternative pour pouvoir baguenauder \u00e0 plat quand la bise sera partie (donc peut-\u00eatre jamais qu\u2019aujourd\u2019hui<br \/>\nil neige, mais on n\u2019est jamais trop prudente).<br \/>\nBen oui je porte soit des bottes, soit des tongs (soit des ballerines parce qu\u2019on peut pas porter des tongs souvent, \u00e0 Paris). Sans talons les tongs, \u00e9videmment, je suis pas chanteuse de saloon. Ce qui fait que l\u2019\u00e9t\u00e9 je vis \u00e0 plat en marchant sur mes pantalons. Des fois m\u00eame je me gamelle grave ma race, limite j\u2019ai peur en descendant les escaliers du m\u00e9tro (situation id\u00e9ale pour se foutre par terre en se coin\u00e7ant une chaussure dans un revers de jean).<br \/>\nJe me r\u00e9signais d\u00e9j\u00e0 \u00e0 porter mes jeans avec quatorze revers parce qu\u2019en plus d\u2019\u00eatre dangereux, la ballerine sous le fute qui tra\u00eene par terre c\u2019est moyen \u00e9l\u00e9gant, quand je suis tomb\u00e9e sur ce d\u00e9licieux petit pantalon chez Gap.<br \/>\nD\u2019habitude aucun pantalon ne me va chez eux \u00e0 part les jeans ruineux qui meurent des cuisses au bout de trois mois : d\u00e9j\u00e0 c\u2019est sous-taill\u00e9 d\u2019une taille (pour les pantalons seulement, aha, \u00e7a serait trop facile sinon) et en plus c\u2019est pas coup\u00e9 pour mon boum-boum. Mais l\u00e0, miracle, \u00e7a va impec (cela dit j\u2019ai pris du 46 alors que chez H&amp;M je prends du 42, moi je dis l\u2019harmonisation des tailles c\u2019est pas pour demain). Bon \u00e7a me moule la fesse \u00e0 mort hein, mais il y a plus grave sur terre et je survivrai. Sans compter que j\u2019ai trois milliards de tuniques longueur sous la fesse \u00e0 amortir.<br \/>\nIl est raccourci et non pantacourt (ah non, c\u2019est pas du tout pareil, le pantacourt c\u2019est ignoble, j\u2019ai l\u2019air d\u2019une chef scoute avec), comme un corsaire rallong\u00e9.<br \/>\nVoyez ce que je veux dire ? Non ? C\u2019est pas grave, allez vous rendre compte sur place.<br \/>\nComme il est stretch je peux m\u00eame m\u2019asseoir sans \u00eatre coup\u00e9e en deux (tr\u00e8s important le stretch, j\u2019ai cess\u00e9 de porter des pantalons pas stretch il y a au moins vingt sept ans), et avec son pli devant il a un petit air r\u00e9tro mignon comme tout.<br \/>\nAvec des ballerines, pof, je me prends pour Audrey Hepburn (une Audrey dodue, naturellement).<br \/>\nD\u2019ailleurs c\u2019est le nom du mod\u00e8le &#8211; pas dodue, Audrey, faites un effort quoi, on va pas s\u2019en sortir. Et il est m\u00eame pas ruineux comme les jeans \u00e0 cuisses : 44 \u20ac c\u2019est pas le P\u00e9rou, si ?<br \/>\nJe vais retourner le prendre en noir tiens, des fois qu\u2019il y ait la guerre.<o><\/o><\/span><\/p>\n<p class=\"MsoNormal\"><span style=\"font-size: 10pt; font-family: Arial\"><br \/>\nPS :<br \/>\nouais je sais, la photo c\u2019est celle du site de Gap, j\u2019ai \u00e9t\u00e9 prise de court ce<br \/>\nmatin, pas eu le temps d\u2019en faire une vraie avec mon pantalon \u00e0 moi. Inutile de<br \/>\nvous dire que sur moi le r\u00e9sultat est assez diff\u00e9rent ;-))<o><\/o><\/span><\/p>\n","protected":false},"excerpt":{"rendered":"<p>Parce qu\u2019un jean slim avec des ballerines c\u2019est vraiment la mis\u00e8re tellement \u00e7a fait pauvre clone d\u00e9nu\u00e9e d\u2019imagination, et que je me prends les pieds dans mes pantalons pas slims si j\u2019ai pas de talons,&#8230;<br \/> <a class=\"read-more\" href=\"https:\/\/www.monblogdefille.com\/blog\/audrey-soit-avec-nous\/\">Lire la suite \u00bb<\/a><\/p>\n","protected":false},"author":3,"featured_media":0,"comment_status":"open","ping_status":"open","sticky":false,"template":"","format":"standard","meta":{"footnotes":""},"categories":[19927],"tags":[],"class_list":["post-51376","post","type-post","status-publish","format-standard","hentry","category-looks"],"_links":{"self":[{"href":"https:\/\/www.monblogdefille.com\/blog\/wp-json\/wp\/v2\/posts\/51376","targetHints":{"allow":["GET"]}}],"collection":[{"href":"https:\/\/www.monblogdefille.com\/blog\/wp-json\/wp\/v2\/posts"}],"about":[{"href":"https:\/\/www.monblogdefille.com\/blog\/wp-json\/wp\/v2\/types\/post"}],"author":[{"embeddable":true,"href":"https:\/\/www.monblogdefille.com\/blog\/wp-json\/wp\/v2\/users\/3"}],"replies":[{"embeddable":true,"href":"https:\/\/www.monblogdefille.com\/blog\/wp-json\/wp\/v2\/comments?post=51376"}],"version-history":[{"count":0,"href":"https:\/\/www.monblogdefille.com\/blog\/wp-json\/wp\/v2\/posts\/51376\/revisions"}],"wp:attachment":[{"href":"https:\/\/www.monblogdefille.com\/blog\/wp-json\/wp\/v2\/media?parent=51376"}],"wp:term":[{"taxonomy":"category","embeddable":true,"href":"https:\/\/www.monblogdefille.com\/blog\/wp-json\/wp\/v2\/categories?post=51376"},{"taxonomy":"post_tag","embeddable":true,"href":"https:\/\/www.monblogdefille.com\/blog\/wp-json\/wp\/v2\/tags?post=51376"}],"curies":[{"name":"wp","href":"https:\/\/api.w.org\/{rel}","templated":true}]}}