{"id":50223,"date":"2007-03-13T09:01:37","date_gmt":"2007-03-13T09:01:37","guid":{"rendered":"http:\/\/localhost\/wordpress\/?p=50223"},"modified":"2009-07-24T18:47:35","modified_gmt":"2009-07-24T16:47:35","slug":"sos-cerveau-fantome-par-julie-chou","status":"publish","type":"post","link":"https:\/\/www.monblogdefille.com\/blog\/sos-cerveau-fantome-par-julie-chou\/","title":{"rendered":"Sos cerveau fant\u00f4me, par Julie chou"},"content":{"rendered":"<p class=\"MsoNormal\"><span style=\"font-size: 11pt; font-family: Arial\"><img decoding=\"async\" src=\"wp-content\/themes\/default\/images\/tanjore_ecolieres.jpg\" alt=\"\" align=\"right\" \/>\u00ab <\/span><span style=\"font-size: 10pt; font-family: Arial\">Je fais partie des privil\u00e9gi\u00e9es, de celles qui ont le choix, et notamment celui d\u2019\u00eatre ou pas \u00ab femme au foyer \u00bb. Je n\u2019aime pas cette expression mais c\u2019est comme \u00e7a qu\u2019on dit, je crois.<\/span><\/p>\n<p class=\"MsoNormal\"><span style=\"font-size: 10pt; font-family: Arial\">Donc j\u2019ai choisi, d\u2019avoir des enfants, d\u2019\u00eatre l\u00e0, avec eux, au quotidien, de profiter de leur pr\u00e9sence, de leur amour, et de leur donner le mien, celui qu\u2019ils ont fait na\u00eetre en m\u00eame temps qu\u2019ils sont n\u00e9s.<\/span><\/p>\n<p class=\"MsoNormal\"><span style=\"font-size: 10pt; font-family: Arial\">Voil\u00e0 comment je viens de passer deux ans et demi (\u00e2ge de mon 1<sup>er<\/sup> fils) \u00e0 r\u00e9fl\u00e9chir sur des sujets vari\u00e9s concernant mes tous petits : le laisser pleurer ou le bercer ? t\u00e9tines ou doudou ? Pampers ou Huggies ?<br \/>\ncomment lui expliquer mais ne pas se justifier, l\u2019aimer sans l\u2019\u00e9touffer, etc. avant de comprendre que seul mon instinct ne se trompait jamais\u2026<\/p>\n<p>C\u2019est bien joli tout \u00e7a, la petite maison dans la prairie, mais \u00e7a ne m\u2019emp\u00eache pas de faire un constat surprenant et l\u00e9g\u00e8rement effrayant : il semblerait que j\u2019ai perdu toute confiance en moi, ou plut\u00f4t en mon cerveau ramolli ;<br \/>\ncons\u00e9quence presque directe : j\u2019ai l\u2019impression d\u2019\u00eatre devenue totalement inint\u00e9ressante (rien que \u00e7a) !<\/span><\/p>\n<p class=\"MsoNormal\"><span style=\"font-size: 10pt; font-family: Arial\">Secouer les biberons, changer les couches, plier les pyjamas en trois, dormir \u00e0 intervalles irr\u00e9guliers, ne lire que des livres avec des pochettes color\u00e9es et cartonn\u00e9es, devenir la meilleure copine de sa pharmacienne et de la caissi\u00e8re du monop, jouer aux lego, chanter \u00ab petit bateau sur l\u2019eau \u00bb et dire \u00ab bravo \u00bb en tapant dans ses mains une bonne centaine de fois par jour, conna\u00eetre par c\u0153ur les g\u00e9n\u00e9riques de Barbapapa et l\u2019\u00e2ne tro tro\u2026 tout<br \/>\ncela aurait-il transform\u00e9 mon cerveau en petit pot ?<\/span>\n<\/p>\n<p class=\"MsoNormal\"><span style=\"font-size: 10pt; font-family: Arial\">Or donc aujourd\u2019hui j\u2019ai le d\u00e9sir (et le besoin) d\u2019\u00eatre \u00ab m\u00e8re et maire \u00bb comme disait Barbara Gould* ! (non je ne brigue pas le poste de Bertrand Delano\u00eb, juste un job sympa dans une boite sympa, genre jury de la nouvelle star, photographe ou productrice de documentaires).<\/span><\/p>\n<p class=\"MsoNormal\"><span style=\"font-size: 10pt; font-family: Arial\">Alors, peut-on retrouver sa capacit\u00e9 \u00e0 bosser, foncer, r\u00e9fl\u00e9chir, s\u2019int\u00e9grer, se battre avec des gros bras (en g\u00e9n\u00e9ral dans le boulot les gens ne sont pas que gentils et g\u00e9n\u00e9reux) lorsque l\u2019on navigue entre Dora l\u2019exploratrice et son<br \/>\ncousin Diego ?<\/span>\n<\/p>\n<p class=\"MsoNormal\"><span style=\"font-size: 10pt; font-family: Arial\">J\u2019en viens forc\u00e9ment \u00e0 me poser quelques questions existentielles fondamentales : notre intellect \u00e0 l\u2019\u00e2ge adulte serait-il menac\u00e9 par guignol et le bac \u00e0 sable ? Notre cerveau a t\u2019il plusieurs vitesses ? Auquel cas, c\u2019est o\u00f9 la 5<sup>\u00e8me<\/sup> ?<\/span><\/p>\n<p class=\"MsoNormal\"><span style=\"font-size: 10pt; font-family: Arial\">Sign\u00e9 : Julie chou<\/span><\/p>\n<p class=\"MsoNormal\"><span style=\"font-size: 10pt; font-family: Arial\"><br \/>\n* les moins<br \/>\nde 20 ans je doute que vous ayez vu cette pub, oubliez donc ce mauvais jeux de<br \/>\nmots\u2026<\/span><span style=\"font-size: 11pt; font-family: Arial\">\u00bb<\/span><span style=\"font-size: 10pt; font-family: Arial\"> <\/span><\/p>\n","protected":false},"excerpt":{"rendered":"<p>\u00ab Je fais partie des privil\u00e9gi\u00e9es, de celles qui ont le choix, et notamment celui d\u2019\u00eatre ou pas \u00ab femme au foyer \u00bb. Je n\u2019aime pas cette expression mais c\u2019est comme \u00e7a qu\u2019on dit, je&#8230;<br \/> <a class=\"read-more\" href=\"https:\/\/www.monblogdefille.com\/blog\/sos-cerveau-fantome-par-julie-chou\/\">Lire la suite \u00bb<\/a><\/p>\n","protected":false},"author":3,"featured_media":0,"comment_status":"open","ping_status":"open","sticky":false,"template":"","format":"standard","meta":{"footnotes":""},"categories":[5377],"tags":[20034],"class_list":["post-50223","post","type-post","status-publish","format-standard","hentry","category-o-toi-lectrice","tag-maternite"],"_links":{"self":[{"href":"https:\/\/www.monblogdefille.com\/blog\/wp-json\/wp\/v2\/posts\/50223","targetHints":{"allow":["GET"]}}],"collection":[{"href":"https:\/\/www.monblogdefille.com\/blog\/wp-json\/wp\/v2\/posts"}],"about":[{"href":"https:\/\/www.monblogdefille.com\/blog\/wp-json\/wp\/v2\/types\/post"}],"author":[{"embeddable":true,"href":"https:\/\/www.monblogdefille.com\/blog\/wp-json\/wp\/v2\/users\/3"}],"replies":[{"embeddable":true,"href":"https:\/\/www.monblogdefille.com\/blog\/wp-json\/wp\/v2\/comments?post=50223"}],"version-history":[{"count":0,"href":"https:\/\/www.monblogdefille.com\/blog\/wp-json\/wp\/v2\/posts\/50223\/revisions"}],"wp:attachment":[{"href":"https:\/\/www.monblogdefille.com\/blog\/wp-json\/wp\/v2\/media?parent=50223"}],"wp:term":[{"taxonomy":"category","embeddable":true,"href":"https:\/\/www.monblogdefille.com\/blog\/wp-json\/wp\/v2\/categories?post=50223"},{"taxonomy":"post_tag","embeddable":true,"href":"https:\/\/www.monblogdefille.com\/blog\/wp-json\/wp\/v2\/tags?post=50223"}],"curies":[{"name":"wp","href":"https:\/\/api.w.org\/{rel}","templated":true}]}}