{"id":49125,"date":"2007-03-07T08:52:08","date_gmt":"2007-03-07T08:52:08","guid":{"rendered":"http:\/\/localhost\/wordpress\/?p=49125"},"modified":"2008-03-17T20:56:24","modified_gmt":"2008-03-17T19:56:24","slug":"de-lavis-des-autres-par-kilis","status":"publish","type":"post","link":"https:\/\/www.monblogdefille.com\/blog\/de-lavis-des-autres-par-kilis\/","title":{"rendered":"De l\u2019avis des autres, par Kilis"},"content":{"rendered":"<p class=\"MsoNormal\" style=\"text-align: left\"><span style=\"font-size: 10pt; font-family: Arial\"><img decoding=\"async\" src=\"wp-content\/themes\/default\/images\/tanjore_ecolieres.jpg\" align=\"right\" \/>\u00ab Avez-vous not\u00e9 que chaque fois que vous \u00eates sur le point de faire l\u2019achat de votre vie, une petite voix int\u00e9rieure vous chuchote : \u00ab mais que va penser untel ? \u00bb. De ma voiture, de mes cheveux, de ma robe, de mon copain, de ma maison, de mon comportement en soir\u00e9e, de ma remarque en r\u00e9union (rayer les mentions inutiles) ?<o :p><\/o><\/span><\/p>\n<p class=\"MsoNormal\" style=\"text-align: left\"><span style=\"font-size: 10pt; font-family: Arial\">Et bien souvent, on se prive. Oui, on se prive. On repose la jupe, on annule la commande, on refait un \u00e9ni\u00e8me carr\u00e9 court sans m\u00e8ches et avec frange, bref, on se coule dans le moule de la\u00a0 ersonne-parfaite-qu\u2019on-aimerait-trop-que-les-autres-voient-en-nous.<o :p><\/o><\/span><\/p>\n<p class=\"MsoNormal\" style=\"text-align: left\"><span style=\"font-size: 10pt; font-family: Arial\">Pourtant, si on y r\u00e9fl\u00e9chit un peu, quand est-ce que \u00e7a nous est r\u00e9ellement arriv\u00e9 d\u2019en penser quelque chose ? De la voiture, de la coupe, \u2026(oui bon je crois qu\u2019on a compris, hein), de l\u2019Autre ?<o :p><\/o><\/span><\/p>\n<p class=\"MsoNormal\" style=\"text-align: left\"><span style=\"font-size: 10pt; font-family: Arial\">D\u2019habitude, on s\u2019en fout. On dit par politesse que c\u2019est tr\u00e8s joli, on fait le tour du propri\u00e9taire avec des grognements approbateurs, puis chacun chez soi, on oublie.<o :p><\/o><\/span><\/p>\n<p class=\"MsoNormal\" style=\"text-align: left\"><span style=\"font-size: 10pt; font-family: Arial\">Et un jour, on craque. On siffle que Pierre exag\u00e8re avec son gros 4&#215;4, on \u00e9ructe qu\u2019Am\u00e9lie fait vraiment p\u00e9tasse avec sa mini-jupe et on vomit que si Yohann continue a manger matin midi et soir au restau, il finira comme une saucisse de francfort (bourr\u00e9 de gras et de cholest\u00e9rol, donc).<o :p><\/o><\/span><\/p>\n<p class=\"MsoNormal\" style=\"text-align: left\"><span style=\"font-size: 10pt; font-family: Arial\">Pourquoi tant de haine ? Pr\u00e9cis\u00e9ment sur ces sujets-l\u00e0, dans ces moments-l\u00e0 ?<o :p><\/o><\/span><\/p>\n<p class=\"MsoNormal\" style=\"text-align: left\"><span style=\"font-size: 10pt; font-family: Arial\">J\u2019ai une th\u00e9orie : parce que ces reproches ne sont pas destin\u00e9s aux autres, mais \u00e0 nous. Et on se d\u00e9foule sur son prochain qu\u2019on aime, comme chacun sait, comme soi-m\u00eame.<o :p><\/o><\/span><\/p>\n<p class=\"MsoNormal\" style=\"text-align: left\"><span style=\"font-size: 10pt; font-family: Arial\">La jupe d\u2019Am\u00e9lie ressemble \u00e0 celle qu\u2019on n\u2019ose pas porter, le guide Michelin est pos\u00e9 sur notre table de nuit, et la voiture de Pierre est dans notre wish-list depuis 2004 \u2013 date de la cr\u00e9ation d\u2019Euromillions, bien entendu. On ne pardonne jamais aux autres d\u2019assumer les d\u00e9fauts qu\u2019on se trouve \u00e0 soi-m\u00eame.<o :p><\/o><\/span><\/p>\n<p class=\"MsoNormal\" style=\"text-align: left\"><span style=\"font-size: 10pt; font-family: Arial\">L\u2019enfer, c\u2019est les autres (copyright Sartre). Mais c\u2019est nous qui le voyons comme \u00e7a (copyright moi).<o :p><\/o><\/span><\/p>\n<p class=\"MsoNormal\" style=\"text-align: left\"><span style=\"font-size: 10pt; font-family: Arial\">Et si on l\u00e2chait prise ? Si on assumait ? Si on se faisait vraiment plaisir ? Si on s\u2019amusait ?<br \/>\nOn n\u2019est pas parfaite, Dieu merci. On a parfois des go\u00fbts inavouables, des envies que la morale r\u00e9prouve(rait : qu\u2019est-ce qu\u2019on en sait, d\u2019abord, mmm), et alors ? Apr\u00e8s tout, il n\u2019y a pas mort d\u2019homme.<br \/>\nJuste un peu de l\u00e9g\u00e8ret\u00e9 et un soup\u00e7on de provocation. De la vie, quoi.<o :p><\/o><\/span>\n<\/p>\n<p class=\"MsoNormal\" style=\"text-align: left\"><span style=\"font-size: 10pt; font-family: Arial\">M\u2019enfin, moi je dis \u00e7a, mais cette jupe, elle est vraiment trop courte !<o :p><\/o><\/span><\/p>\n<p class=\"MsoNormal\" style=\"text-align: left\"><span style=\"font-size: 10pt; font-family: Arial\">Sign\u00e9 : Kilis \u00bb.<o :p><\/o><\/span><\/p>\n","protected":false},"excerpt":{"rendered":"<p>\u00ab Avez-vous not\u00e9 que chaque fois que vous \u00eates sur le point de faire l\u2019achat de votre vie, une petite voix int\u00e9rieure vous chuchote : \u00ab mais que va penser untel ? \u00bb. De ma&#8230;<br \/> <a class=\"read-more\" href=\"https:\/\/www.monblogdefille.com\/blog\/de-lavis-des-autres-par-kilis\/\">Lire la suite \u00bb<\/a><\/p>\n","protected":false},"author":3,"featured_media":0,"comment_status":"open","ping_status":"open","sticky":false,"template":"","format":"standard","meta":{"footnotes":""},"categories":[5377],"tags":[],"class_list":["post-49125","post","type-post","status-publish","format-standard","hentry","category-o-toi-lectrice"],"_links":{"self":[{"href":"https:\/\/www.monblogdefille.com\/blog\/wp-json\/wp\/v2\/posts\/49125","targetHints":{"allow":["GET"]}}],"collection":[{"href":"https:\/\/www.monblogdefille.com\/blog\/wp-json\/wp\/v2\/posts"}],"about":[{"href":"https:\/\/www.monblogdefille.com\/blog\/wp-json\/wp\/v2\/types\/post"}],"author":[{"embeddable":true,"href":"https:\/\/www.monblogdefille.com\/blog\/wp-json\/wp\/v2\/users\/3"}],"replies":[{"embeddable":true,"href":"https:\/\/www.monblogdefille.com\/blog\/wp-json\/wp\/v2\/comments?post=49125"}],"version-history":[{"count":0,"href":"https:\/\/www.monblogdefille.com\/blog\/wp-json\/wp\/v2\/posts\/49125\/revisions"}],"wp:attachment":[{"href":"https:\/\/www.monblogdefille.com\/blog\/wp-json\/wp\/v2\/media?parent=49125"}],"wp:term":[{"taxonomy":"category","embeddable":true,"href":"https:\/\/www.monblogdefille.com\/blog\/wp-json\/wp\/v2\/categories?post=49125"},{"taxonomy":"post_tag","embeddable":true,"href":"https:\/\/www.monblogdefille.com\/blog\/wp-json\/wp\/v2\/tags?post=49125"}],"curies":[{"name":"wp","href":"https:\/\/api.w.org\/{rel}","templated":true}]}}