{"id":48710,"date":"2006-09-07T08:51:22","date_gmt":"2006-09-07T07:51:22","guid":{"rendered":"http:\/\/localhost\/wordpress\/?p=48710"},"modified":"2009-01-26T01:46:31","modified_gmt":"2009-01-26T00:46:31","slug":"fringues-anti-courant-dair-pour-missdarjeeling","status":"publish","type":"post","link":"https:\/\/www.monblogdefille.com\/blog\/fringues-anti-courant-dair-pour-missdarjeeling\/","title":{"rendered":"Fringues anti-courant d\u2019air pour missdarjeeling"},"content":{"rendered":"<p class=\"MsoNormal\"><span style=\"font-size: 10pt; font-family: Arial\"><img decoding=\"async\" src=\"wp-content\/themes\/default\/images\/wanted3.jpg\" align=\"right\" \/>\u00ab Mon cas est grave : je HAIS les pantalons et jupes taille basse, qui me font ressembler \u00e0 un baklava. En outre, j\u2019ai toujours l\u2019impression que des courants d\u2019air sournois s\u2019insinuent dans mon dos et comme je suis atteinte de fr\u00e9quentes lombalgies,  c\u2019est fort d\u00e9sagr\u00e9able.<\/span><\/p>\n<p class=\"MsoNormal\"><span style=\"font-size: 10pt; font-family: Arial\">C\u2019est pourquoi je lance cet appel de d\u00e9tresse : je recherche des fringues TAILLE HAUTE et plus particuli\u00e8rement :<\/span><\/p>\n<p class=\"MsoNormal\"><span style=\"font-size: 10pt; font-family: Arial\">&#8211; un pantalon kaki (un peu \u00ab moderne \u00bb pas un truc de Mamie),<br \/>\n&#8211; une jupe droite en jean,<br \/>\n&#8211; une jupe droite noire.<o><\/o><\/span>\n<\/p>\n<p class=\"MsoNormal\"><span style=\"font-size: 10pt; font-family: Arial\"><o><\/o>Le tout \u00e9videmment pas trop connot\u00e9 dadame ! En effet, \u00e0 35 ans, j\u2019oscille entre la peur d\u2019\u00eatre m\u00e9m\u00e8re et celle de ressembler \u00e0 une ado attard\u00e9e\u2026<o><\/o><\/span><\/p>\n<p class=\"MsoNormal\"><span style=\"font-size: 10pt; font-family: Arial\">Je suis bas\u00e9e dans un petit bled \u00e9quidistant de N\u00eemes et de Montpellier pour info, donc je peux ratisser sur ces deux d\u00e9partements.<br \/>\nJ\u2019ai d\u00e9j\u00e0 quelques jeans et pantalons mais comme toute fille, j\u2019aime renouveler ma garde-robe\u2026<o><\/o><\/span>\n<\/p>\n<p class=\"MsoNormal\"><span style=\"font-size: 10pt; font-family: Arial\">Merci les filles !<o><\/o><\/span><\/p>\n<p class=\"MsoNormal\"><span style=\"font-size: 10pt; font-family: Arial\">Sign\u00e9 : missdarjeeling \u00bb<o><\/o><\/span><\/p>\n","protected":false},"excerpt":{"rendered":"<p>\u00ab Mon cas est grave : je HAIS les pantalons et jupes taille basse, qui me font ressembler \u00e0 un baklava. En outre, j\u2019ai toujours l\u2019impression que des courants d\u2019air sournois s\u2019insinuent dans mon dos&#8230;<br \/> <a class=\"read-more\" href=\"https:\/\/www.monblogdefille.com\/blog\/fringues-anti-courant-dair-pour-missdarjeeling\/\">Lire la suite \u00bb<\/a><\/p>\n","protected":false},"author":3,"featured_media":0,"comment_status":"open","ping_status":"open","sticky":false,"template":"","format":"standard","meta":{"footnotes":""},"categories":[20008,1502],"tags":[],"class_list":["post-48710","post","type-post","status-publish","format-standard","hentry","category-fringues-bijoux-sacs","category-wanted"],"_links":{"self":[{"href":"https:\/\/www.monblogdefille.com\/blog\/wp-json\/wp\/v2\/posts\/48710","targetHints":{"allow":["GET"]}}],"collection":[{"href":"https:\/\/www.monblogdefille.com\/blog\/wp-json\/wp\/v2\/posts"}],"about":[{"href":"https:\/\/www.monblogdefille.com\/blog\/wp-json\/wp\/v2\/types\/post"}],"author":[{"embeddable":true,"href":"https:\/\/www.monblogdefille.com\/blog\/wp-json\/wp\/v2\/users\/3"}],"replies":[{"embeddable":true,"href":"https:\/\/www.monblogdefille.com\/blog\/wp-json\/wp\/v2\/comments?post=48710"}],"version-history":[{"count":0,"href":"https:\/\/www.monblogdefille.com\/blog\/wp-json\/wp\/v2\/posts\/48710\/revisions"}],"wp:attachment":[{"href":"https:\/\/www.monblogdefille.com\/blog\/wp-json\/wp\/v2\/media?parent=48710"}],"wp:term":[{"taxonomy":"category","embeddable":true,"href":"https:\/\/www.monblogdefille.com\/blog\/wp-json\/wp\/v2\/categories?post=48710"},{"taxonomy":"post_tag","embeddable":true,"href":"https:\/\/www.monblogdefille.com\/blog\/wp-json\/wp\/v2\/tags?post=48710"}],"curies":[{"name":"wp","href":"https:\/\/api.w.org\/{rel}","templated":true}]}}