{"id":45453,"date":"2007-02-17T15:53:13","date_gmt":"2007-02-17T14:53:13","guid":{"rendered":"http:\/\/localhost\/wordpress\/?p=45453"},"modified":"2012-01-01T18:18:31","modified_gmt":"2012-01-01T17:18:31","slug":"en-attendant-la-mienne","status":"publish","type":"post","link":"https:\/\/www.monblogdefille.com\/blog\/en-attendant-la-mienne\/","title":{"rendered":"En attendant la mienne\u2026"},"content":{"rendered":"<p class=\"MsoNormal\"><span style=\"font-size: 10pt; font-family: Arial\"><img decoding=\"async\" src=\"wp-content\/themes\/default\/images\/pm_printemps2007-2.jpg\" align=\"right\" \/>\u2026 dont j\u2019aurai le prototype \u00e0 la fin du mois, je vous annonce que j\u2019ai agrandi ma collec\u2019 de deux mod\u00e8les (mais je n\u2019ai pas dit mon dernier mot, il y en a au moins trois autres que je veux absolument).<br \/>\nJe pense que je suis une grande malade, je me suis pr\u00e9cipit\u00e9e hier \u00e0 la boutique pour voir les nouvelles pochettes, j\u2019\u00e9tais aussi surexcit\u00e9e qu\u2019une cor\u00e9enne \u00e0 l\u2019ouverture d\u2019une boutique Vuitton !<br \/>\nComme je ne pouvais pas en acheter cinquante pour moi (enfin je pouvais pas\u2026 disons que je ne m\u2019autorise pas \u00e0 tout prendre en une fois ;-)), j\u2019en ai pris pour faire des petits cadeaux. J\u2019aurais bien fait cinquante petits cadeaux, mais on m\u2019en a emp\u00each\u00e9e (j\u2019ai des copines qui m\u2019emp\u00eachent de leur offrir des trucs, j\u2019hallucine ma race).<br \/>\nJe vous ai mis une photo avec tous les messages, mais pas toute les couleurs (r\u00e2lez pas please, c\u2019\u00e9tait l\u2019un ou l\u2019autre). Il y a un beige ficelle, une rose bonne mine, un mauve gris\u00e9 et un vert doux, en plus du gris bleut\u00e9 de la photo.<br \/>\nC\u00f4t\u00e9 message j\u2019aime particuli\u00e8rement Emergency (pour mettre du Lexomil, des tampax ou des mini saucissons ?) et Je suis une f\u00e9e (j\u2019ai not\u00e9 que les brodeurs indiens se fichent pas mal qu\u2019il y ait un accent sur f\u00e9e ;-)).<br \/>\nJ\u2019ai pr\u00e9venu la gentille vendeuse qu\u2019elle risquait une rafale de coups de fil pour envois en province dans les jours qui viennent ; m\u00eame pas peur, elle a l\u2019habitude, vous pouvez y aller ;-)<o><\/o><\/span><\/p>\n<p class=\"MsoNormal\"><span style=\"font-size: 10pt; font-family: Arial\">Je vous rappelle l\u2019emplacement de ce lieu de perdition (en m\u00eame temps \u00e0 10 \u20ac la pochette on est loin du sac Vuitton) :<o><\/o><br \/>\nPetite Mendigote,<\/span><span style=\"font-size: 10pt; font-family: Arial\"> 23 rue du Dragon, 6<sup>\u00e8me<\/sup>, 01.42.84.20.07 (m\u00e9tro S\u00e8vres Babylone ou saint Germain des Pr\u00e8s, lundi de 13h00 \u00e0 19h00, du mardi au vendredi de 11h00 \u00e0 19h00, le samedi de 10h30 \u00e0 18h30).<br \/>\n<\/span><\/p>\n","protected":false},"excerpt":{"rendered":"<p>\u2026 dont j\u2019aurai le prototype \u00e0 la fin du mois, je vous annonce que j\u2019ai agrandi ma collec\u2019 de deux mod\u00e8les (mais je n\u2019ai pas dit mon dernier mot, il y en a au moins&#8230;<br \/> <a class=\"read-more\" href=\"https:\/\/www.monblogdefille.com\/blog\/en-attendant-la-mienne\/\">Lire la suite \u00bb<\/a><\/p>\n","protected":false},"author":3,"featured_media":0,"comment_status":"open","ping_status":"open","sticky":false,"template":"","format":"standard","meta":{"footnotes":""},"categories":[19927],"tags":[19966],"class_list":["post-45453","post","type-post","status-publish","format-standard","hentry","category-looks","tag-petite-mendigote"],"_links":{"self":[{"href":"https:\/\/www.monblogdefille.com\/blog\/wp-json\/wp\/v2\/posts\/45453","targetHints":{"allow":["GET"]}}],"collection":[{"href":"https:\/\/www.monblogdefille.com\/blog\/wp-json\/wp\/v2\/posts"}],"about":[{"href":"https:\/\/www.monblogdefille.com\/blog\/wp-json\/wp\/v2\/types\/post"}],"author":[{"embeddable":true,"href":"https:\/\/www.monblogdefille.com\/blog\/wp-json\/wp\/v2\/users\/3"}],"replies":[{"embeddable":true,"href":"https:\/\/www.monblogdefille.com\/blog\/wp-json\/wp\/v2\/comments?post=45453"}],"version-history":[{"count":0,"href":"https:\/\/www.monblogdefille.com\/blog\/wp-json\/wp\/v2\/posts\/45453\/revisions"}],"wp:attachment":[{"href":"https:\/\/www.monblogdefille.com\/blog\/wp-json\/wp\/v2\/media?parent=45453"}],"wp:term":[{"taxonomy":"category","embeddable":true,"href":"https:\/\/www.monblogdefille.com\/blog\/wp-json\/wp\/v2\/categories?post=45453"},{"taxonomy":"post_tag","embeddable":true,"href":"https:\/\/www.monblogdefille.com\/blog\/wp-json\/wp\/v2\/tags?post=45453"}],"curies":[{"name":"wp","href":"https:\/\/api.w.org\/{rel}","templated":true}]}}