{"id":44393,"date":"2006-09-07T08:51:12","date_gmt":"2006-09-07T07:51:12","guid":{"rendered":"http:\/\/localhost\/wordpress\/?p=44393"},"modified":"2009-01-26T01:45:45","modified_gmt":"2009-01-26T00:45:45","slug":"nouvelle-boutique-au-quebec-pour-melissa","status":"publish","type":"post","link":"https:\/\/www.monblogdefille.com\/blog\/nouvelle-boutique-au-quebec-pour-melissa\/","title":{"rendered":"Qu&rsquo;attendez-vous d&rsquo;une boutique de beaut\u00e9 (au Qu\u00e9bec pour m\u00e9lissa) ?"},"content":{"rendered":"<p class=\"MsoNormal\"><span style=\"font-size: 10pt; font-family: Arial\"><img decoding=\"async\" src=\"wp-content\/themes\/default\/images\/wanted3.jpg\" align=\"right\" \/>\u00ab Bonjour les filles,<\/span><\/p>\n<p class=\"MsoNormal\"><span style=\"font-size: 10pt; font-family: Arial\">J\u2019ai une question a vous poser : j\u2019habite au Qu\u00e9bec et Sephora n\u2019existe pas, mais je suis esth\u00e9ticienne et maquilleuse et avec une copine on va ouvrir une boutique du genre Sephora mais en plus petit.<\/span><\/p>\n<p class=\"MsoNormal\"><span style=\"font-size: 10pt; font-family: Arial\">Est-ce que vous avez 1 ou 2 lignes de maquillage pr\u00e9f\u00e9r\u00e9es ? Est-ce que vous aimez nars, stila, bobbi brown, makeup for ever, laura mercier&#8230;<\/span><\/p>\n<p class=\"MsoNormal\"><span style=\"font-size: 10pt; font-family: Arial\">Et quelle est la meilleurs fa\u00e7on de vous aborder ? S\u00fbrement pas en vous disant \u00ab comment puis-je vous aider ? \u00bb, comme on m\u2019a toujours oblig\u00e9 de dire en pharmacie ;-)<\/span><\/p>\n<p class=\"MsoNormal\"><span style=\"font-size: 10pt; font-family: Arial\">Enfin qu\u2019est-ce qui pour vous se d\u00e9marque d\u2019un beau magasin de cosm\u00e9tique \u00e0 un autre ?<br \/>\nMerci beaucoup pour votre aide !<\/span>\n<\/p>\n<p class=\"MsoNormal\"><span style=\"font-size: 10pt; font-family: Arial\">Sign\u00e9 : m\u00e9lissa \u00bb<o><\/o><\/span><\/p>\n","protected":false},"excerpt":{"rendered":"<p>\u00ab Bonjour les filles, J\u2019ai une question a vous poser : j\u2019habite au Qu\u00e9bec et Sephora n\u2019existe pas, mais je suis esth\u00e9ticienne et maquilleuse et avec une copine on va ouvrir une boutique du genre&#8230;<br \/> <a class=\"read-more\" href=\"https:\/\/www.monblogdefille.com\/blog\/nouvelle-boutique-au-quebec-pour-melissa\/\">Lire la suite \u00bb<\/a><\/p>\n","protected":false},"author":3,"featured_media":0,"comment_status":"open","ping_status":"open","sticky":false,"template":"","format":"standard","meta":{"footnotes":""},"categories":[20009,1502],"tags":[],"class_list":["post-44393","post","type-post","status-publish","format-standard","hentry","category-beaute","category-wanted"],"_links":{"self":[{"href":"https:\/\/www.monblogdefille.com\/blog\/wp-json\/wp\/v2\/posts\/44393","targetHints":{"allow":["GET"]}}],"collection":[{"href":"https:\/\/www.monblogdefille.com\/blog\/wp-json\/wp\/v2\/posts"}],"about":[{"href":"https:\/\/www.monblogdefille.com\/blog\/wp-json\/wp\/v2\/types\/post"}],"author":[{"embeddable":true,"href":"https:\/\/www.monblogdefille.com\/blog\/wp-json\/wp\/v2\/users\/3"}],"replies":[{"embeddable":true,"href":"https:\/\/www.monblogdefille.com\/blog\/wp-json\/wp\/v2\/comments?post=44393"}],"version-history":[{"count":0,"href":"https:\/\/www.monblogdefille.com\/blog\/wp-json\/wp\/v2\/posts\/44393\/revisions"}],"wp:attachment":[{"href":"https:\/\/www.monblogdefille.com\/blog\/wp-json\/wp\/v2\/media?parent=44393"}],"wp:term":[{"taxonomy":"category","embeddable":true,"href":"https:\/\/www.monblogdefille.com\/blog\/wp-json\/wp\/v2\/categories?post=44393"},{"taxonomy":"post_tag","embeddable":true,"href":"https:\/\/www.monblogdefille.com\/blog\/wp-json\/wp\/v2\/tags?post=44393"}],"curies":[{"name":"wp","href":"https:\/\/api.w.org\/{rel}","templated":true}]}}