{"id":416668,"date":"2025-03-26T09:00:59","date_gmt":"2025-03-26T08:00:59","guid":{"rendered":"https:\/\/www.monblogdefille.com\/blog\/?p=416668"},"modified":"2025-04-06T11:09:23","modified_gmt":"2025-04-06T09:09:23","slug":"qui-a-moutonne-pour-la-veste-courte","status":"publish","type":"post","link":"https:\/\/www.monblogdefille.com\/blog\/qui-a-moutonne-pour-la-veste-courte\/","title":{"rendered":"Qui a moutonn\u00e9 pour la veste courte ?"},"content":{"rendered":"<p><img loading=\"lazy\" decoding=\"async\" class=\"size-full wp-image-416672\" src=\"https:\/\/www.monblogdefille.com\/blog\/wp-content\/uploads\/2025\/03\/trench-court.jpg\" alt=\"\" width=\"1200\" height=\"1425\" srcset=\"https:\/\/www.monblogdefille.com\/blog\/wp-content\/uploads\/2025\/03\/trench-court.jpg 1200w, https:\/\/www.monblogdefille.com\/blog\/wp-content\/uploads\/2025\/03\/trench-court-253x300.jpg 253w, https:\/\/www.monblogdefille.com\/blog\/wp-content\/uploads\/2025\/03\/trench-court-862x1024.jpg 862w, https:\/\/www.monblogdefille.com\/blog\/wp-content\/uploads\/2025\/03\/trench-court-768x912.jpg 768w, https:\/\/www.monblogdefille.com\/blog\/wp-content\/uploads\/2025\/03\/trench-court-1010x1199.jpg 1010w\" sizes=\"auto, (max-width: 1200px) 100vw, 1200px\" \/><\/p>\n<p>Moi pas encore, et pourtant \u00e7a n\u2019est pas faute d\u2019essayer.<\/p>\n<p>Ce qui me sauve c\u2019est que rien ne me va\u00a0;-))<\/p>\n<p>D\u00e8s que les \u00e9paules sont oversize, c\u2019est immonde sur moi.<br \/>\nD\u00e8s que les manches sont longues ou larges, c\u2019est immonde sur moi.<br \/>\nD\u00e8s que la taille n\u2019est pas marqu\u00e9e, c\u2019est immonde sur moi.<br \/>\nD\u00e8s que c\u2019est coup\u00e9 plus haut que les hanches, c\u2019est immonde sur moi.<\/p>\n<p>Donc globalement, tout ce qui est furieusement tendance en ce moment, est immonde sur moi.<br \/>\nVous me direz que \u00e7a me fait faire des \u00e9conomies et vous n\u2019aurez pas tort.<br \/>\nMais comme je suis un mouton je continue \u00e0 chercher (je voudrais bien une veste en daim, vrai ou faux \u2013 j\u2019en ai d\u00e9j\u00e0 renvoy\u00e9 2 mais je ne l\u00e2che pas l\u2019affaire).<\/p>\n<p>Et j\u2019ai donc fait une petite s\u00e9lection chez Asos et la Sainte Trinit\u00e9 su\u00e9doise (Cos-Arket-&amp;OtherStories) de pi\u00e8ces que je trouve sympas (<em>liens affili\u00e9s<\/em>).<\/p>\n<p>Alors, qui a moutonn\u00e9\u00a0ou envisage de le faire ?\u00a0;-)<\/p>\n<div class=\"boutique-widget\" data-widget-id=\"1278907\">\r\n                <script type=\"text\/javascript\" language=\"javascript\">\r\n                    !function(d,s,id){\r\n                        var e, p = \/^http:\/.test(d.location) ? 'http' : 'https';\r\n                        if(!d.getElementById(id)) {\r\n                            e     = d.createElement(s);\r\n                            e.id  = id;\r\n                            e.src = p + ':\/\/widgets.rewardstyle.com\/js\/boutique.js';\r\n                            d.body.appendChild(e);\r\n                        }\r\n                        if(typeof window.__boutique === 'object') if(d.readyState === 'complete') {\r\n                            window.__boutique.init();\r\n                        }\r\n                    }(document, 'script', 'boutique-script');\r\n                <\/script>\r\n                <div class=\"rs-adblock\">\r\n                    <img decoding=\"async\" src=\"\/\/assets.rewardstyle.com\/images\/search\/350.gif\" style=\"width:15px;height:15px;\" onerror=\"this.parentNode.innerHTML='Turn off your ad blocker to view content'\" \/>\r\n                    <noscript>Turn on your JavaScript to view content<\/noscript>\r\n                <\/div>\r\n            <\/div>\n","protected":false},"excerpt":{"rendered":"<p>Moi pas encore, et pourtant \u00e7a n\u2019est pas faute d\u2019essayer. Ce qui me sauve c\u2019est que rien ne me va\u00a0;-)) D\u00e8s que les \u00e9paules sont oversize, c\u2019est immonde sur moi. D\u00e8s que les manches sont&#8230;<br \/> <a class=\"read-more\" href=\"https:\/\/www.monblogdefille.com\/blog\/qui-a-moutonne-pour-la-veste-courte\/\">Lire la suite \u00bb<\/a><\/p>\n","protected":false},"author":3,"featured_media":416669,"comment_status":"open","ping_status":"open","sticky":false,"template":"","format":"standard","meta":{"footnotes":""},"categories":[20176,20177],"tags":[20133],"class_list":["post-416668","post","type-post","status-publish","format-standard","has-post-thumbnail","hentry","category-lifestyle","category-mode","tag-mode"],"_links":{"self":[{"href":"https:\/\/www.monblogdefille.com\/blog\/wp-json\/wp\/v2\/posts\/416668","targetHints":{"allow":["GET"]}}],"collection":[{"href":"https:\/\/www.monblogdefille.com\/blog\/wp-json\/wp\/v2\/posts"}],"about":[{"href":"https:\/\/www.monblogdefille.com\/blog\/wp-json\/wp\/v2\/types\/post"}],"author":[{"embeddable":true,"href":"https:\/\/www.monblogdefille.com\/blog\/wp-json\/wp\/v2\/users\/3"}],"replies":[{"embeddable":true,"href":"https:\/\/www.monblogdefille.com\/blog\/wp-json\/wp\/v2\/comments?post=416668"}],"version-history":[{"count":3,"href":"https:\/\/www.monblogdefille.com\/blog\/wp-json\/wp\/v2\/posts\/416668\/revisions"}],"predecessor-version":[{"id":416674,"href":"https:\/\/www.monblogdefille.com\/blog\/wp-json\/wp\/v2\/posts\/416668\/revisions\/416674"}],"wp:featuredmedia":[{"embeddable":true,"href":"https:\/\/www.monblogdefille.com\/blog\/wp-json\/wp\/v2\/media\/416669"}],"wp:attachment":[{"href":"https:\/\/www.monblogdefille.com\/blog\/wp-json\/wp\/v2\/media?parent=416668"}],"wp:term":[{"taxonomy":"category","embeddable":true,"href":"https:\/\/www.monblogdefille.com\/blog\/wp-json\/wp\/v2\/categories?post=416668"},{"taxonomy":"post_tag","embeddable":true,"href":"https:\/\/www.monblogdefille.com\/blog\/wp-json\/wp\/v2\/tags?post=416668"}],"curies":[{"name":"wp","href":"https:\/\/api.w.org\/{rel}","templated":true}]}}