{"id":416629,"date":"2025-02-19T09:00:08","date_gmt":"2025-02-19T08:00:08","guid":{"rendered":"https:\/\/www.monblogdefille.com\/blog\/?p=416629"},"modified":"2025-03-09T11:08:12","modified_gmt":"2025-03-09T10:08:12","slug":"une-furieuse-envie-dimprimes","status":"publish","type":"post","link":"https:\/\/www.monblogdefille.com\/blog\/une-furieuse-envie-dimprimes\/","title":{"rendered":"Une furieuse envie d\u2019imprim\u00e9s"},"content":{"rendered":"<p><img loading=\"lazy\" decoding=\"async\" class=\"alignnone size-full wp-image-416632\" src=\"https:\/\/www.monblogdefille.com\/blog\/wp-content\/uploads\/2025\/02\/robe-farm-rio.jpg\" alt=\"\" width=\"1080\" height=\"1445\" srcset=\"https:\/\/www.monblogdefille.com\/blog\/wp-content\/uploads\/2025\/02\/robe-farm-rio.jpg 1080w, https:\/\/www.monblogdefille.com\/blog\/wp-content\/uploads\/2025\/02\/robe-farm-rio-224x300.jpg 224w, https:\/\/www.monblogdefille.com\/blog\/wp-content\/uploads\/2025\/02\/robe-farm-rio-765x1024.jpg 765w, https:\/\/www.monblogdefille.com\/blog\/wp-content\/uploads\/2025\/02\/robe-farm-rio-768x1028.jpg 768w, https:\/\/www.monblogdefille.com\/blog\/wp-content\/uploads\/2025\/02\/robe-farm-rio-1010x1351.jpg 1010w\" sizes=\"auto, (max-width: 1080px) 100vw, 1080px\" \/><\/p>\n<p>Me voil\u00e0 en f\u00e9vrier, prise d\u2019une furieuse envie d\u2019imprim\u00e9s. Autrement dit mon mode plein \u00e9t\u00e9, pas du tout de saison (j\u2019ai deux modes\u00a0: minimaliste en hiver, parfois maximaliste en \u00e9t\u00e9).<\/p>\n<p>J\u2019ai m\u00eame achet\u00e9 cette magnifique <a href=\"https:\/\/bit.ly\/41cSffZ\" target=\"_blank\" rel=\"noopener\"><strong>robe Farm Rio<\/strong><\/a>\u00a0il y a dix jours alors que je ne pourrai pas la porter avant un moment (et j\u2019ai failli en acheter trois autres en cherchant la r\u00e9f\u00e9rence pour cet article\u00a0;-).<br \/>\nJ\u2019en profite pour signaler que cette marque taille bien, le XL me va parfaitement alors que je fais du XXL.<\/p>\n<p>Par contre c\u2019est une mal\u00e9diction, depuis que j\u2019ai d\u00e9couvert Farm Rio, Etro et La Double J (que des marques hyper ch\u00e8res), je trouve tous les autres imprim\u00e9s vilains et grossi\u00e8rement travaill\u00e9s\u2026<\/p>\n<p>Cela dit l\u2019ann\u00e9e derni\u00e8re il y avait de jolies choses chez Next, Arket et &amp; Other Stories (donc beaucoup moins cher), mais ils n\u2019ont pas encore toutes leurs collections d\u2019\u00e9t\u00e9 pour le moment.<\/p>\n<p>En attendant je vous mets ici quelques uns des plus jolis mod\u00e8les que j\u2019ai rep\u00e9r\u00e9, juste pour le plaisir (<em>liens affili\u00e9s<\/em>).<\/p>\n<p>Vous arrivez \u00e0 trouver des beaux imprim\u00e9s artistiques et subtils sans vous ruiner, vous\u00a0?<\/p>\n<div class=\"boutique-widget\" data-widget-id=\"1276003\">\r\n                <script type=\"text\/javascript\" language=\"javascript\">\r\n                    !function(d,s,id){\r\n                        var e, p = \/^http:\/.test(d.location) ? 'http' : 'https';\r\n                        if(!d.getElementById(id)) {\r\n                            e     = d.createElement(s);\r\n                            e.id  = id;\r\n                            e.src = p + ':\/\/widgets.rewardstyle.com\/js\/boutique.js';\r\n                            d.body.appendChild(e);\r\n                        }\r\n                        if(typeof window.__boutique === 'object') if(d.readyState === 'complete') {\r\n                            window.__boutique.init();\r\n                        }\r\n                    }(document, 'script', 'boutique-script');\r\n                <\/script>\r\n                <div class=\"rs-adblock\">\r\n                    <img decoding=\"async\" src=\"\/\/assets.rewardstyle.com\/images\/search\/350.gif\" style=\"width:15px;height:15px;\" onerror=\"this.parentNode.innerHTML='Turn off your ad blocker to view content'\" \/>\r\n                    <noscript>Turn on your JavaScript to view content<\/noscript>\r\n                <\/div>\r\n            <\/div>\n","protected":false},"excerpt":{"rendered":"<p>Me voil\u00e0 en f\u00e9vrier, prise d\u2019une furieuse envie d\u2019imprim\u00e9s. Autrement dit mon mode plein \u00e9t\u00e9, pas du tout de saison (j\u2019ai deux modes\u00a0: minimaliste en hiver, parfois maximaliste en \u00e9t\u00e9). J\u2019ai m\u00eame achet\u00e9 cette magnifique&#8230;<br \/> <a class=\"read-more\" href=\"https:\/\/www.monblogdefille.com\/blog\/une-furieuse-envie-dimprimes\/\">Lire la suite \u00bb<\/a><\/p>\n","protected":false},"author":3,"featured_media":416632,"comment_status":"open","ping_status":"open","sticky":false,"template":"","format":"standard","meta":{"footnotes":""},"categories":[20176,20177],"tags":[20133],"class_list":["post-416629","post","type-post","status-publish","format-standard","has-post-thumbnail","hentry","category-lifestyle","category-mode","tag-mode"],"_links":{"self":[{"href":"https:\/\/www.monblogdefille.com\/blog\/wp-json\/wp\/v2\/posts\/416629","targetHints":{"allow":["GET"]}}],"collection":[{"href":"https:\/\/www.monblogdefille.com\/blog\/wp-json\/wp\/v2\/posts"}],"about":[{"href":"https:\/\/www.monblogdefille.com\/blog\/wp-json\/wp\/v2\/types\/post"}],"author":[{"embeddable":true,"href":"https:\/\/www.monblogdefille.com\/blog\/wp-json\/wp\/v2\/users\/3"}],"replies":[{"embeddable":true,"href":"https:\/\/www.monblogdefille.com\/blog\/wp-json\/wp\/v2\/comments?post=416629"}],"version-history":[{"count":2,"href":"https:\/\/www.monblogdefille.com\/blog\/wp-json\/wp\/v2\/posts\/416629\/revisions"}],"predecessor-version":[{"id":416635,"href":"https:\/\/www.monblogdefille.com\/blog\/wp-json\/wp\/v2\/posts\/416629\/revisions\/416635"}],"wp:featuredmedia":[{"embeddable":true,"href":"https:\/\/www.monblogdefille.com\/blog\/wp-json\/wp\/v2\/media\/416632"}],"wp:attachment":[{"href":"https:\/\/www.monblogdefille.com\/blog\/wp-json\/wp\/v2\/media?parent=416629"}],"wp:term":[{"taxonomy":"category","embeddable":true,"href":"https:\/\/www.monblogdefille.com\/blog\/wp-json\/wp\/v2\/categories?post=416629"},{"taxonomy":"post_tag","embeddable":true,"href":"https:\/\/www.monblogdefille.com\/blog\/wp-json\/wp\/v2\/tags?post=416629"}],"curies":[{"name":"wp","href":"https:\/\/api.w.org\/{rel}","templated":true}]}}