{"id":416342,"date":"2024-05-08T09:00:24","date_gmt":"2024-05-08T07:00:24","guid":{"rendered":"https:\/\/www.monblogdefille.com\/blog\/?p=416342"},"modified":"2024-05-26T12:04:26","modified_gmt":"2024-05-26T10:04:26","slug":"sur-mon-lavabo-33","status":"publish","type":"post","link":"https:\/\/www.monblogdefille.com\/blog\/sur-mon-lavabo-33\/","title":{"rendered":"Sur mon lavabo #33"},"content":{"rendered":"<p><img loading=\"lazy\" decoding=\"async\" class=\"alignnone size-full wp-image-416343\" src=\"https:\/\/www.monblogdefille.com\/blog\/wp-content\/uploads\/2024\/05\/sur-mon-lavabo-33.jpg\" alt=\"\" width=\"2000\" height=\"1237\" srcset=\"https:\/\/www.monblogdefille.com\/blog\/wp-content\/uploads\/2024\/05\/sur-mon-lavabo-33.jpg 2000w, https:\/\/www.monblogdefille.com\/blog\/wp-content\/uploads\/2024\/05\/sur-mon-lavabo-33-300x186.jpg 300w, https:\/\/www.monblogdefille.com\/blog\/wp-content\/uploads\/2024\/05\/sur-mon-lavabo-33-1024x633.jpg 1024w, https:\/\/www.monblogdefille.com\/blog\/wp-content\/uploads\/2024\/05\/sur-mon-lavabo-33-768x475.jpg 768w, https:\/\/www.monblogdefille.com\/blog\/wp-content\/uploads\/2024\/05\/sur-mon-lavabo-33-1536x950.jpg 1536w, https:\/\/www.monblogdefille.com\/blog\/wp-content\/uploads\/2024\/05\/sur-mon-lavabo-33-1010x625.jpg 1010w\" sizes=\"auto, (max-width: 2000px) 100vw, 2000px\" \/><\/p>\n<p>Me revoil\u00e0 avec mon lavabo\u00a0! Long time no see, tout \u00e7a\u00a0;-)<\/p>\n<p>En ce moment je me d\u00e9maquille avec le <a href=\"https:\/\/tinyurl.com\/yc82mc8k\" target=\"_blank\" rel=\"noopener\"><strong>Baume d\u00e9maquillant Advanced Night d\u2019Est\u00e9e Lauder<\/strong><\/a>, que j\u2019adore : super enveloppant et doux et r\u00e9confortant, \u00e0 peine parfum\u00e9 (camomille et lavande, divin), retire absolument tout le makeup sans jamais piquer les yeux ni tirer la peau. J\u2019ai une passion pour ce produit, j\u2019en ai vid\u00e9 je ne sais combien de pots ;-)<\/p>\n<p>Les jours o\u00f9 j\u2019ai besoin de faire un second nettoyage (SPF, beaucoup de makeup, long moment pass\u00e9 dehors en ville ou dans les transports\u2026), j\u2019utilise la <a href=\"https:\/\/tinyurl.com\/3bfvwu3f\" target=\"_blank\" rel=\"noopener\"><strong>Cr\u00e8me Nettoyante visage au karit\u00e9 de l\u2019Occitane<\/strong><\/a>, qui est aussi agr\u00e9able et douce que mon baume d\u00e9maquillant : elle r\u00e9confortante et cosy, parfaite pour ma peau s\u00e8che et sensible (et j\u2019adore le parfum de cette gamme).<\/p>\n<p>Enfin, je me lave les mains avec le <a href=\"https:\/\/tinyurl.com\/4n4x57p8\" target=\"_blank\" rel=\"noopener\"><strong>Gel Moussant Eau d\u2019Orange Verte d\u2019Herm\u00e8s<\/strong><\/a>\u00a0que j\u2019ai re\u00e7u pour No\u00ebl, et qui est \u00e0 vrai dire bien plus efficace sous cette forme qu\u2019en eau de toilette, parce que l\u2019odeur (d\u00e9licieuse) est plus pr\u00e9sente et tient mieux.<br \/>\nCe n\u2019est pas le plus hydratant que j\u2019ai essay\u00e9 mais \u00e7a m\u2019est \u00e9gal, c\u2019est son parfum qui m\u2019int\u00e9resse\u00a0;-)<\/p>\n<p>Voil\u00e0 les enfants\u00a0; vous en \u00eates o\u00f9, vous, avec vos produits d\u00e9maquillants et nettoyants\u00a0?<\/p>\n<p><em>Les <a href=\"https:\/\/www.monblogdefille.com\/blog\/?s=sur+mon+lavabo\"><strong>\u00e9pisodes pr\u00e9c\u00e9dents<\/strong><\/a> du lavabo.\u00a0<\/em><\/p>\n","protected":false},"excerpt":{"rendered":"<p>Me revoil\u00e0 avec mon lavabo\u00a0! Long time no see, tout \u00e7a\u00a0;-) En ce moment je me d\u00e9maquille avec le Baume d\u00e9maquillant Advanced Night d\u2019Est\u00e9e Lauder, que j\u2019adore : super enveloppant et doux et r\u00e9confortant, \u00e0&#8230;<br \/> <a class=\"read-more\" href=\"https:\/\/www.monblogdefille.com\/blog\/sur-mon-lavabo-33\/\">Lire la suite \u00bb<\/a><\/p>\n","protected":false},"author":3,"featured_media":416343,"comment_status":"open","ping_status":"open","sticky":false,"template":"","format":"standard","meta":{"footnotes":""},"categories":[1489],"tags":[20109],"class_list":["post-416342","post","type-post","status-publish","format-standard","has-post-thumbnail","hentry","category-le-soin","tag-demaquillage"],"_links":{"self":[{"href":"https:\/\/www.monblogdefille.com\/blog\/wp-json\/wp\/v2\/posts\/416342","targetHints":{"allow":["GET"]}}],"collection":[{"href":"https:\/\/www.monblogdefille.com\/blog\/wp-json\/wp\/v2\/posts"}],"about":[{"href":"https:\/\/www.monblogdefille.com\/blog\/wp-json\/wp\/v2\/types\/post"}],"author":[{"embeddable":true,"href":"https:\/\/www.monblogdefille.com\/blog\/wp-json\/wp\/v2\/users\/3"}],"replies":[{"embeddable":true,"href":"https:\/\/www.monblogdefille.com\/blog\/wp-json\/wp\/v2\/comments?post=416342"}],"version-history":[{"count":1,"href":"https:\/\/www.monblogdefille.com\/blog\/wp-json\/wp\/v2\/posts\/416342\/revisions"}],"predecessor-version":[{"id":416344,"href":"https:\/\/www.monblogdefille.com\/blog\/wp-json\/wp\/v2\/posts\/416342\/revisions\/416344"}],"wp:featuredmedia":[{"embeddable":true,"href":"https:\/\/www.monblogdefille.com\/blog\/wp-json\/wp\/v2\/media\/416343"}],"wp:attachment":[{"href":"https:\/\/www.monblogdefille.com\/blog\/wp-json\/wp\/v2\/media?parent=416342"}],"wp:term":[{"taxonomy":"category","embeddable":true,"href":"https:\/\/www.monblogdefille.com\/blog\/wp-json\/wp\/v2\/categories?post=416342"},{"taxonomy":"post_tag","embeddable":true,"href":"https:\/\/www.monblogdefille.com\/blog\/wp-json\/wp\/v2\/tags?post=416342"}],"curies":[{"name":"wp","href":"https:\/\/api.w.org\/{rel}","templated":true}]}}