{"id":415884,"date":"2023-09-17T09:00:11","date_gmt":"2023-09-17T07:00:11","guid":{"rendered":"https:\/\/www.monblogdefille.com\/blog\/?p=415884"},"modified":"2023-09-24T09:49:14","modified_gmt":"2023-09-24T07:49:14","slug":"mon-retour-sur-le-nouveau-concentre-apaisant-estee-lauder","status":"publish","type":"post","link":"https:\/\/www.monblogdefille.com\/blog\/mon-retour-sur-le-nouveau-concentre-apaisant-estee-lauder\/","title":{"rendered":"Mon retour sur le nouveau Concentr\u00e9 Apaisant Est\u00e9e Lauder"},"content":{"rendered":"<p style=\"text-align: center;\"><iframe loading=\"lazy\" frameborder=\"0\" height=\"563\" src=\"https:\/\/www.youtube.com\/embed\/HfRUhzfUeJg\" width=\"1000\"><span data-mce-type=\"bookmark\" style=\"display: inline-block; width: 0px; overflow: hidden; line-height: 0;\" class=\"mce_SELRES_start\"><\/span><span data-mce-type=\"bookmark\" style=\"display: inline-block; width: 0px; overflow: hidden; line-height: 0;\" class=\"mce_SELRES_start\"><\/span><span data-mce-type=\"bookmark\" style=\"display: inline-block; width: 0px; overflow: hidden; line-height: 0;\" class=\"mce_SELRES_start\"><\/span><span style=\"display: inline-block; width: 0px; overflow: hidden; line-height: 0;\" data-mce-type=\"bookmark\" class=\"mce_SELRES_start\"><\/span><span style=\"display: inline-block; width: 0px; overflow: hidden; line-height: 0;\" data-mce-type=\"bookmark\" class=\"mce_SELRES_start\"><\/span><\/iframe><\/p>\n<p style=\"text-align: center;\"><em>Partenariat r\u00e9mun\u00e9r\u00e9 avec Est\u00e9e Lauder<\/em><\/p>\n<p style=\"text-align: center;\">J\u2019ai retrouv\u00e9 la premi\u00e8re fois o\u00f9 j\u2019ai parl\u00e9 du s\u00e9rum, c\u2019\u00e9tait <a href=\"https:\/\/tinyurl.com\/3sm7e9v9\" target=\"_blank\" rel=\"noopener\"><strong>il y a plus de 13 ans<\/strong><\/a> !!<\/p>\n<p style=\"text-align: center;\">Avec le code <strong>VSAHELENE<\/strong> vous aurez <strong>20% de r\u00e9duction<\/strong> sur <strong><a href=\"https:\/\/www.esteelauder.fr\/\" target=\"_blank\" rel=\"noopener\">tout le site Lauder<\/a><\/strong>\u00a0(sauf Aerin, gamme Re-Nutriv et produits Last Chance) jusqu\u2019au <strong>30 septembre<\/strong>.<\/p>\n<p style=\"text-align: center;\"><a href=\"https:\/\/tinyurl.com\/mrakdupb\" target=\"_blank\" rel=\"noopener\"><strong>Advanced Night Repair \u2013 Concentr\u00e9 Apaisant<\/strong><\/a><\/p>\n<p style=\"text-align: center;\"><a href=\"http:\/\/bit.ly\/3qk7T9S\" target=\"_blank\" rel=\"noopener\"><strong>Advanced Night Repair \u2013 S\u00e9rum<\/strong><\/a><\/p>\n<p style=\"text-align: center;\">Vous l\u2019utilisez depuis combien de temps, vous\u00a0?\u00a0;-)<\/p>\n<p><em>* Voir ma page <\/em><a href=\"https:\/\/www.monblogdefille.com\/blog\/a-propos\/\"><strong><em>\u201c\u00e0 propos\u201c<\/em><\/strong><\/a><em> pour les informations sur la publicit\u00e9.<\/em><\/p>\n","protected":false},"excerpt":{"rendered":"<p>Partenariat r\u00e9mun\u00e9r\u00e9 avec Est\u00e9e Lauder J\u2019ai retrouv\u00e9 la premi\u00e8re fois o\u00f9 j\u2019ai parl\u00e9 du s\u00e9rum, c\u2019\u00e9tait il y a plus de 13 ans !! Avec le code VSAHELENE vous aurez 20% de r\u00e9duction sur tout&#8230;<br \/> <a class=\"read-more\" href=\"https:\/\/www.monblogdefille.com\/blog\/mon-retour-sur-le-nouveau-concentre-apaisant-estee-lauder\/\">Lire la suite \u00bb<\/a><\/p>\n","protected":false},"author":3,"featured_media":415885,"comment_status":"open","ping_status":"open","sticky":false,"template":"","format":"standard","meta":{"footnotes":""},"categories":[1489,20158,19978],"tags":[20168,20274,20240],"class_list":["post-415884","post","type-post","status-publish","format-standard","has-post-thumbnail","hentry","category-le-soin","category-soin","category-videos","tag-anti-age","tag-peau-sensible","tag-videos-soin"],"_links":{"self":[{"href":"https:\/\/www.monblogdefille.com\/blog\/wp-json\/wp\/v2\/posts\/415884","targetHints":{"allow":["GET"]}}],"collection":[{"href":"https:\/\/www.monblogdefille.com\/blog\/wp-json\/wp\/v2\/posts"}],"about":[{"href":"https:\/\/www.monblogdefille.com\/blog\/wp-json\/wp\/v2\/types\/post"}],"author":[{"embeddable":true,"href":"https:\/\/www.monblogdefille.com\/blog\/wp-json\/wp\/v2\/users\/3"}],"replies":[{"embeddable":true,"href":"https:\/\/www.monblogdefille.com\/blog\/wp-json\/wp\/v2\/comments?post=415884"}],"version-history":[{"count":2,"href":"https:\/\/www.monblogdefille.com\/blog\/wp-json\/wp\/v2\/posts\/415884\/revisions"}],"predecessor-version":[{"id":415887,"href":"https:\/\/www.monblogdefille.com\/blog\/wp-json\/wp\/v2\/posts\/415884\/revisions\/415887"}],"wp:featuredmedia":[{"embeddable":true,"href":"https:\/\/www.monblogdefille.com\/blog\/wp-json\/wp\/v2\/media\/415885"}],"wp:attachment":[{"href":"https:\/\/www.monblogdefille.com\/blog\/wp-json\/wp\/v2\/media?parent=415884"}],"wp:term":[{"taxonomy":"category","embeddable":true,"href":"https:\/\/www.monblogdefille.com\/blog\/wp-json\/wp\/v2\/categories?post=415884"},{"taxonomy":"post_tag","embeddable":true,"href":"https:\/\/www.monblogdefille.com\/blog\/wp-json\/wp\/v2\/tags?post=415884"}],"curies":[{"name":"wp","href":"https:\/\/api.w.org\/{rel}","templated":true}]}}