{"id":415876,"date":"2023-09-13T09:00:51","date_gmt":"2023-09-13T07:00:51","guid":{"rendered":"https:\/\/www.monblogdefille.com\/blog\/?p=415876"},"modified":"2024-01-28T13:11:08","modified_gmt":"2024-01-28T12:11:08","slug":"mes-7-contours-des-yeux-preferes","status":"publish","type":"post","link":"https:\/\/www.monblogdefille.com\/blog\/mes-7-contours-des-yeux-preferes\/","title":{"rendered":"Mes 7 contours des yeux pr\u00e9f\u00e9r\u00e9s"},"content":{"rendered":"<div class=\"boutique-widget\" data-widget-id=\"1222326\">\r\n                <script type=\"text\/javascript\" language=\"javascript\">\r\n                    !function(d,s,id){\r\n                        var e, p = \/^http:\/.test(d.location) ? 'http' : 'https';\r\n                        if(!d.getElementById(id)) {\r\n                            e     = d.createElement(s);\r\n                            e.id  = id;\r\n                            e.src = p + ':\/\/widgets.rewardstyle.com\/js\/boutique.js';\r\n                            d.body.appendChild(e);\r\n                        }\r\n                        if(typeof window.__boutique === 'object') if(d.readyState === 'complete') {\r\n                            window.__boutique.init();\r\n                        }\r\n                    }(document, 'script', 'boutique-script');\r\n                <\/script>\r\n                <div class=\"rs-adblock\">\r\n                    <img decoding=\"async\" src=\"\/\/assets.rewardstyle.com\/images\/search\/350.gif\" style=\"width:15px;height:15px;\" onerror=\"this.parentNode.innerHTML='Turn off your ad blocker to view content'\" \/>\r\n                    <noscript>Turn on your JavaScript to view content<\/noscript>\r\n                <\/div>\r\n            <\/div>\n<p style=\"text-align: center;\"><em>Cliquez sur les images pour aller sur les fiches produits (liens affili\u00e9s).<\/em><\/p>\n<p>En r\u00e9alit\u00e9 il y en a 7, je n\u2019ai pas pu mettre une image de celui de<a href=\"https:\/\/tinyurl.com\/2s5vscbb\" target=\"_blank\" rel=\"noopener\"><strong> Gallin\u00e9e<\/strong><\/a> de la m\u00eame fa\u00e7on que les autres\u00a0;-)<\/p>\n<p>Ces produits sont mes pr\u00e9f\u00e9r\u00e9s \u00e0 ce jour, compte tenu du fait que\u00a0: j\u2019ai 53 ans, la peau \u00e9videmment tr\u00e8s fine autour des yeux, en plus d\u2019\u00eatre s\u00e8che et sensible (j\u2019ai facilement de l\u2019ecz\u00e9ma sur les paupi\u00e8res).<\/p>\n<p>Il me faut donc des produits anti-\u00e2ge, hydratants et nourrissants, mais aussi apaisants \u00e0 certains moments. Tous ceux que je montre ici peuvent \u00eatre utilis\u00e9 matin et\/ou soir (le seul qui DOIT \u00eatre utilis\u00e9 le matin \u2013 en plus du soir si on a envie \u2013 est celui de <a href=\"https:\/\/bit.ly\/44O49M2\" target=\"_blank\" rel=\"noopener\"><strong>Ole Henriksen<\/strong><\/a>\u00a0car il contient de la vitamine C).<\/p>\n<p>Les 3 produits peau sensible sont ceux de <a href=\"https:\/\/bit.ly\/3Zd9VFM\" target=\"_blank\" rel=\"noopener\"><strong>l\u2019Or\u00e9al,<\/strong><\/a> <a href=\"https:\/\/bit.ly\/3ZdAcUi\" target=\"_blank\" rel=\"noopener\"><strong>La Roche Posay<\/strong><\/a> et <a href=\"https:\/\/tinyurl.com\/2s5vscbb\" target=\"_blank\" rel=\"noopener\"><strong>Gallin\u00e9e<\/strong><\/a>, ils ont vraiment un effet apaisant sur moi et marchent aussi sous du maquillage (celui de l\u2019Or\u00e9al n\u2019est pas fait pour les peaux sensibles, c\u2019est un hydratant avant tout, mais il ne contient ni parfum ni alcool et me convient m\u00eame en temps de \u00ab\u00a0crise\u00a0\u00bb).<\/p>\n<p>Pour moi, celui qui marche le mieux sous l\u2019anti-cernes en plus de son action anti-\u00e2ge, car il a un effet lissant ind\u00e9niable, est celui d\u2019<a href=\"https:\/\/bit.ly\/44O49M2\" target=\"_blank\" rel=\"noopener\"><strong>Ole Henriksen <\/strong><\/a>\u00e0 la vitamine C.<\/p>\n<p>Les 3 autres (<a href=\"https:\/\/bit.ly\/44NQ0OO\" target=\"_blank\" rel=\"noopener\"><strong>Skinceuticals<\/strong><\/a>, <a href=\"https:\/\/bit.ly\/3PgrDU9\" target=\"_blank\" rel=\"noopener\"><strong>By Terry<\/strong><\/a> et <a href=\"https:\/\/bit.ly\/3P7nce8\" target=\"_blank\" rel=\"noopener\"><strong>Clarins<\/strong><\/a>) sont efficaces sur les ridules, la d\u00e9shydratation et la s\u00e9cheresse de la peau (je les utilise tous depuis plusieurs ann\u00e9es sauf celui de Gallin\u00e9e que j&rsquo;ai d\u00e9couvert avant l&rsquo;\u00e9t\u00e9 et qui m&rsquo;a convaincue tr\u00e8s rapidement).<br \/>\nJe les trouve particuli\u00e8rement agr\u00e9able le soir, mais on peut bien s\u00fbr les utiliser aussi le matin.<\/p>\n<p>Quels sont les v\u00f4tres\u00a0?\u00a0;-)<\/p>\n<p><em>* Certains de ces produits m\u2019ont \u00e9t\u00e9 envoy\u00e9s pour test et revue, certains liens sont des liens affili\u00e9s.<\/em><\/p>\n","protected":false},"excerpt":{"rendered":"<p>Cliquez sur les images pour aller sur les fiches produits (liens affili\u00e9s). En r\u00e9alit\u00e9 il y en a 7, je n\u2019ai pas pu mettre une image de celui de Gallin\u00e9e de la m\u00eame fa\u00e7on que&#8230;<br \/> <a class=\"read-more\" href=\"https:\/\/www.monblogdefille.com\/blog\/mes-7-contours-des-yeux-preferes\/\">Lire la suite \u00bb<\/a><\/p>\n","protected":false},"author":3,"featured_media":415880,"comment_status":"open","ping_status":"open","sticky":false,"template":"","format":"standard","meta":{"footnotes":""},"categories":[1489],"tags":[20168,19989],"class_list":["post-415876","post","type-post","status-publish","format-standard","has-post-thumbnail","hentry","category-le-soin","tag-anti-age","tag-contour-des-yeux"],"_links":{"self":[{"href":"https:\/\/www.monblogdefille.com\/blog\/wp-json\/wp\/v2\/posts\/415876","targetHints":{"allow":["GET"]}}],"collection":[{"href":"https:\/\/www.monblogdefille.com\/blog\/wp-json\/wp\/v2\/posts"}],"about":[{"href":"https:\/\/www.monblogdefille.com\/blog\/wp-json\/wp\/v2\/types\/post"}],"author":[{"embeddable":true,"href":"https:\/\/www.monblogdefille.com\/blog\/wp-json\/wp\/v2\/users\/3"}],"replies":[{"embeddable":true,"href":"https:\/\/www.monblogdefille.com\/blog\/wp-json\/wp\/v2\/comments?post=415876"}],"version-history":[{"count":3,"href":"https:\/\/www.monblogdefille.com\/blog\/wp-json\/wp\/v2\/posts\/415876\/revisions"}],"predecessor-version":[{"id":416187,"href":"https:\/\/www.monblogdefille.com\/blog\/wp-json\/wp\/v2\/posts\/415876\/revisions\/416187"}],"wp:featuredmedia":[{"embeddable":true,"href":"https:\/\/www.monblogdefille.com\/blog\/wp-json\/wp\/v2\/media\/415880"}],"wp:attachment":[{"href":"https:\/\/www.monblogdefille.com\/blog\/wp-json\/wp\/v2\/media?parent=415876"}],"wp:term":[{"taxonomy":"category","embeddable":true,"href":"https:\/\/www.monblogdefille.com\/blog\/wp-json\/wp\/v2\/categories?post=415876"},{"taxonomy":"post_tag","embeddable":true,"href":"https:\/\/www.monblogdefille.com\/blog\/wp-json\/wp\/v2\/tags?post=415876"}],"curies":[{"name":"wp","href":"https:\/\/api.w.org\/{rel}","templated":true}]}}