{"id":415845,"date":"2023-08-20T09:00:38","date_gmt":"2023-08-20T07:00:38","guid":{"rendered":"https:\/\/www.monblogdefille.com\/blog\/?p=415845"},"modified":"2024-01-28T13:12:18","modified_gmt":"2024-01-28T12:12:18","slug":"je-me-remaquille-apres-1-mois-en-friche-makeup-de-retour-de-vacances","status":"publish","type":"post","link":"https:\/\/www.monblogdefille.com\/blog\/je-me-remaquille-apres-1-mois-en-friche-makeup-de-retour-de-vacances\/","title":{"rendered":"Je me remaquille apr\u00e8s 1 mois en friche \u2013 makeup de retour de vacances"},"content":{"rendered":"<p style=\"text-align: center;\"><iframe loading=\"lazy\" frameborder=\"0\" height=\"563\" src=\"https:\/\/www.youtube.com\/embed\/oIRq9KcvvCU\" width=\"1000\"><span data-mce-type=\"bookmark\" style=\"display: inline-block; width: 0px; overflow: hidden; line-height: 0;\" class=\"mce_SELRES_start\"><\/span><span data-mce-type=\"bookmark\" style=\"display: inline-block; width: 0px; overflow: hidden; line-height: 0;\" class=\"mce_SELRES_start\"><\/span><span data-mce-type=\"bookmark\" style=\"display: inline-block; width: 0px; overflow: hidden; line-height: 0;\" class=\"mce_SELRES_start\"><\/span><span style=\"display: inline-block; width: 0px; overflow: hidden; line-height: 0;\" data-mce-type=\"bookmark\" class=\"mce_SELRES_start\"><\/span><span style=\"display: inline-block; width: 0px; overflow: hidden; line-height: 0;\" data-mce-type=\"bookmark\" class=\"mce_SELRES_start\"><\/span><\/iframe><\/p>\n<p style=\"text-align: center;\"><a href=\"https:\/\/bit.ly\/3QN3Opk\" target=\"_blank\" rel=\"noopener\"><strong>Erborian \u2013 CC Dull<\/strong><\/a><\/p>\n<p style=\"text-align: center;\"><a href=\"https:\/\/bit.ly\/3DZFwAK\" target=\"_blank\" rel=\"noopener\"><strong>Mac \u2013 Stylo Highlighter Prep + Prime<\/strong> <\/a>en Bright Forecast<\/p>\n<p style=\"text-align: center;\"><a href=\"https:\/\/bit.ly\/3OElhOg\" target=\"_blank\" rel=\"noopener\"><strong>Nars \u2013 Soft Matte Concealer<\/strong><\/a> en Caf\u00e9 con Leche<\/p>\n<p style=\"text-align: center;\"><a href=\"https:\/\/bit.ly\/3qEKno7\" target=\"_blank\" rel=\"noopener\"><strong>Laura Mercier \u2013 Bronzer<\/strong><\/a> en 02 Sundrop<\/p>\n<p style=\"text-align: center;\"><a href=\"https:\/\/bit.ly\/3KHJ8vd\" target=\"_blank\" rel=\"noopener\"><strong>Rodial \u2013 Glass Powder<\/strong><\/a><\/p>\n<p style=\"text-align: center;\"><a href=\"https:\/\/bit.ly\/3YHhSTf\" target=\"_blank\" rel=\"noopener\"><strong>Nyx \u2013 Mascara sourcils\u00a0Thick It <\/strong><\/a>en Brunette<\/p>\n<p style=\"text-align: center;\"><strong><a href=\"https:\/\/tinyurl.com\/mwbxkfun\" target=\"_blank\" rel=\"noopener\">Muji \u2013 Coton tiges noirs<\/a>\u00a0<\/strong><\/p>\n<p style=\"text-align: center;\"><a href=\"https:\/\/bit.ly\/3QJXVJG\" target=\"_blank\" rel=\"noopener\"><strong>Fenty Beauty \u2013 Mascara Hella Thicc<\/strong>\u00a0<\/a><\/p>\n<p style=\"text-align: center;\"><a href=\"https:\/\/bit.ly\/3L9aSt1\" target=\"_blank\" rel=\"noopener\"><strong>Clinique \u2013 Bottom Lash Mascara<\/strong><\/a><\/p>\n<p style=\"text-align: center;\"><a href=\"https:\/\/bit.ly\/3qH1iWX\" target=\"_blank\" rel=\"noopener\"><strong>Nyx \u2013 Crayon \u00e0 l\u00e8vres<\/strong><\/a> en Nude Beige<\/p>\n<p style=\"text-align: center;\"><a href=\"https:\/\/bit.ly\/3OyhTnW\" target=\"_blank\" rel=\"noopener\"><strong>Ilia \u2013 Baume \u00e0 l\u00e8vres teint\u00e9<\/strong><\/a> en Hold Me<\/p>\n<p style=\"text-align: center;\"><a href=\"https:\/\/tinyurl.com\/4vb738th\" target=\"_blank\" rel=\"noopener\"><strong>Lisa Eldridge Makeup \u2013 Highlighter<\/strong><\/a> en Crystal Nebula<\/p>\n<p style=\"text-align: center;\">Je porte une <a href=\"https:\/\/bit.ly\/47Ca3Co\" target=\"_blank\" rel=\"noopener\"><strong>robe Cos<\/strong>\u00a0<\/a>(taille 44).<\/p>\n<p style=\"text-align: center;\"><strong><em>SHOPPEZ LE RETOUR DE VACANCES\u00a0<\/em><\/strong><\/p>\n<div class=\"shopthepost-widget\" data-widget-id=\"5047926\">\r\n                <script type=\"text\/javascript\" language=\"javascript\">\r\n                    !function(d,s,id){\r\n                        var e, p = \/^http:\/.test(d.location) ? 'http' : 'https';\r\n                        if(!d.getElementById(id)) {\r\n                            e     = d.createElement(s);\r\n                            e.id  = id;\r\n                            e.src = p + ':\/\/widgets.rewardstyle.com\/js\/shopthepost.js';\r\n                            d.body.appendChild(e);\r\n                        }\r\n                        if(typeof window.__stp === 'object') if(d.readyState === 'complete') {\r\n                            window.__stp.init();\r\n                        }\r\n                    }(document, 'script', 'shopthepost-script');\r\n                <\/script>\r\n                <div class=\"rs-adblock\">\r\n                    <img decoding=\"async\" src=\"\/\/assets.rewardstyle.com\/images\/search\/350.gif\" style=\"width:15px;height:15px;\" onerror=\"this.parentNode.innerHTML='Turn off your ad blocker to view content'\" \/>\r\n                    <noscript>Turn on your JavaScript to view content<\/noscript>\r\n                <\/div>\r\n            <\/div>\n<p><em>* Certains de ces produits m\u2019ont \u00e9t\u00e9 envoy\u00e9s pour test et revue, certains liens sont des liens affili\u00e9s.<\/em><\/p>\n","protected":false},"excerpt":{"rendered":"<p>Erborian \u2013 CC Dull Mac \u2013 Stylo Highlighter Prep + Prime en Bright Forecast Nars \u2013 Soft Matte Concealer en Caf\u00e9 con Leche Laura Mercier \u2013 Bronzer en 02 Sundrop Rodial \u2013 Glass Powder Nyx&#8230;<br \/> <a class=\"read-more\" href=\"https:\/\/www.monblogdefille.com\/blog\/je-me-remaquille-apres-1-mois-en-friche-makeup-de-retour-de-vacances\/\">Lire la suite \u00bb<\/a><\/p>\n","protected":false},"author":3,"featured_media":415846,"comment_status":"open","ping_status":"open","sticky":false,"template":"","format":"standard","meta":{"footnotes":""},"categories":[1485,20030,19978],"tags":[20278,19975,20036],"class_list":["post-415845","post","type-post","status-publish","format-standard","has-post-thumbnail","hentry","category-le-maquillage","category-teint-et-divers","category-videos","tag-no-makeup-makeup","tag-teint-parfait","tag-videos-maquillage"],"_links":{"self":[{"href":"https:\/\/www.monblogdefille.com\/blog\/wp-json\/wp\/v2\/posts\/415845","targetHints":{"allow":["GET"]}}],"collection":[{"href":"https:\/\/www.monblogdefille.com\/blog\/wp-json\/wp\/v2\/posts"}],"about":[{"href":"https:\/\/www.monblogdefille.com\/blog\/wp-json\/wp\/v2\/types\/post"}],"author":[{"embeddable":true,"href":"https:\/\/www.monblogdefille.com\/blog\/wp-json\/wp\/v2\/users\/3"}],"replies":[{"embeddable":true,"href":"https:\/\/www.monblogdefille.com\/blog\/wp-json\/wp\/v2\/comments?post=415845"}],"version-history":[{"count":2,"href":"https:\/\/www.monblogdefille.com\/blog\/wp-json\/wp\/v2\/posts\/415845\/revisions"}],"predecessor-version":[{"id":416190,"href":"https:\/\/www.monblogdefille.com\/blog\/wp-json\/wp\/v2\/posts\/415845\/revisions\/416190"}],"wp:featuredmedia":[{"embeddable":true,"href":"https:\/\/www.monblogdefille.com\/blog\/wp-json\/wp\/v2\/media\/415846"}],"wp:attachment":[{"href":"https:\/\/www.monblogdefille.com\/blog\/wp-json\/wp\/v2\/media?parent=415845"}],"wp:term":[{"taxonomy":"category","embeddable":true,"href":"https:\/\/www.monblogdefille.com\/blog\/wp-json\/wp\/v2\/categories?post=415845"},{"taxonomy":"post_tag","embeddable":true,"href":"https:\/\/www.monblogdefille.com\/blog\/wp-json\/wp\/v2\/tags?post=415845"}],"curies":[{"name":"wp","href":"https:\/\/api.w.org\/{rel}","templated":true}]}}