{"id":415464,"date":"2023-01-12T11:18:14","date_gmt":"2023-01-12T10:18:14","guid":{"rendered":"https:\/\/www.monblogdefille.com\/blog\/?p=415464"},"modified":"2023-01-22T10:20:50","modified_gmt":"2023-01-22T09:20:50","slug":"faut-il-se-faire-tatouer-les-sourcils","status":"publish","type":"post","link":"https:\/\/www.monblogdefille.com\/blog\/faut-il-se-faire-tatouer-les-sourcils\/","title":{"rendered":"Faut-il se faire tatouer les sourcils ?"},"content":{"rendered":"<p>La question est purement rh\u00e9torique, bien s\u00fbr que la r\u00e9ponse est non.<\/p>\n<p>Du moins pas pour souscrire \u00e0 une mode ou pour ne plus avoir \u00e0 se maquiller le matin.<\/p>\n<p>Ca vaut la peine si vos sourcils sont clairsem\u00e9s, inexistants, asym\u00e9triques, beaucoup trop fins, ce genre de choses\u2026<\/p>\n<p>Ca vaut la peine si le but est d\u2019avoir des jolis sourcils naturels, qui n\u2019ont pas l\u2019air maquill\u00e9s.<\/p>\n<p>Si vos sourcils sont tatou\u00e9s de fa\u00e7on \u00e0 ressembler \u00e0 des sourcils maquill\u00e9s, quand vous n\u2019\u00eates pas maquill\u00e9 \u00e7a vous fait une t\u00eate super bizarre car \u00e7a ne va pas avec le reste de votre visage.<\/p>\n<p>Je peux vous dire tout \u00e7a parce que, le faire pour les mauvaises raisons mentionn\u00e9es ci-dessus, je l\u2019ai fait <a href=\"https:\/\/www.monblogdefille.com\/blog\/je-me-suis-fait-tatouer-les-sourcils\/\"><strong>il y a 6 ans<\/strong><\/a>.<br \/>\nDans un salon qui ne me correspondait pas du tout. Heureusement, j\u2019ai eu le bon sens de ne pas faire la retouche apr\u00e8s 3 semaines, qui est tr\u00e8s importante car le r\u00e9sultat final en d\u00e9pend totalement.<br \/>\nAyant eu un mauvais feeling, j\u2019ai refus\u00e9 de la faire \u2013 et bon sang comme j\u2019ai bien fait.<\/p>\n<p>6 ans plus tard, je me retrouve avec des sourcils que j\u2019aime beaucoup (et que le premier tatouage n\u2019a heureusement pas affect\u00e9, faute de retouche), qui n\u2019ont pas besoin de grand-chose mais dont les quelques poils manquants d\u00e9sormais (c\u2019est l\u2019\u00e2ge ma bonne dame), cr\u00e9ent des trous qui m\u2019\u00e9nervent.<\/p>\n<p>Dieu merci, j\u2019ai entre-temps rencontr\u00e9 <a href=\"https:\/\/lestudiobyamelie.fr\/\" target=\"_blank\" rel=\"noopener\"><strong>Am\u00e9lie<\/strong><\/a>\u00a0qui m\u2019a fait une <strong>pigmentation de la bouche<\/strong> parfaite <a href=\"https:\/\/www.monblogdefille.com\/blog\/jai-fait-une-pigmentation-de-la-bouche\/\"><strong>il y a 2 ans<\/strong><\/a>, et en qui j\u2019ai une confiance totale.<\/p>\n<p>Je suis donc retourn\u00e9e la voir et je lui ai demand\u00e9 d\u2019ajouter quelques poils l\u00e0 o\u00f9 il en manquait\u00a0; elle \u00e9tait compl\u00e8tement d\u2019accord avec ce que je souhaitais et a fait un <strong>micro blading<\/strong> extr\u00eamement l\u00e9ger\u00a0: on dessine des poils tr\u00e8s fins un \u00e0 un, contrairement au shading o\u00f9 toute la peau est tatou\u00e9e de fa\u00e7on estomp\u00e9e, ce qui donne un air perp\u00e9tuellement maquill\u00e9 aux sourcils.<\/p>\n<p>Am\u00e9lie a utilis\u00e9 un m\u00e9lange de pigments froids et chauds, car du froid seul peut virer au gris au bout d\u2019un certain temps, ce qui n\u2019est pas plus joli que quand \u00e7a vire \u00e0 l\u2019orange (ce qui bien s\u00fbr n\u2019arrive pas chez elle, l\u2019orange je veux dire).<\/p>\n<p>Je suis ressortie tellement contente\u00a0! On ne voit presque pas de diff\u00e9rence avant \/ apr\u00e8s, mes sourcils sont juste homog\u00e8nes et sans trous, c\u2019est exactement ce que je voulais\u00a0!<\/p>\n<p>J\u2019ai fait \u00e7a il y a 2 jours, je vous montre d\u00e9j\u00e0 ce que \u00e7a donne, sachant qu\u2019il y a donc une retouche \u00e0 faire dans 3 semaines parce qu\u2019une grande partie des pigments va s\u2019estomper voire dispara\u00eetre (c\u2019est normal), je reviendrai apr\u00e8s la retouche pour vous montrer le r\u00e9sultat final\u00a0;-)<\/p>\n<p style=\"text-align: center;\"><em><strong>Avant<\/strong><\/em><\/p>\n<p><img loading=\"lazy\" decoding=\"async\" class=\"alignnone size-full wp-image-415465\" src=\"https:\/\/www.monblogdefille.com\/blog\/wp-content\/uploads\/2023\/01\/sourcils-avant.jpg\" alt=\"\" width=\"1284\" height=\"936\" srcset=\"https:\/\/www.monblogdefille.com\/blog\/wp-content\/uploads\/2023\/01\/sourcils-avant.jpg 1284w, https:\/\/www.monblogdefille.com\/blog\/wp-content\/uploads\/2023\/01\/sourcils-avant-300x219.jpg 300w, https:\/\/www.monblogdefille.com\/blog\/wp-content\/uploads\/2023\/01\/sourcils-avant-1024x746.jpg 1024w, https:\/\/www.monblogdefille.com\/blog\/wp-content\/uploads\/2023\/01\/sourcils-avant-768x560.jpg 768w, https:\/\/www.monblogdefille.com\/blog\/wp-content\/uploads\/2023\/01\/sourcils-avant-1010x736.jpg 1010w\" sizes=\"auto, (max-width: 1284px) 100vw, 1284px\" \/><\/p>\n<p style=\"text-align: center;\"><em><strong>Apr\u00e8s la 1<sup>\u00e8re<\/sup> s\u00e9ance<\/strong><\/em><\/p>\n<p><img loading=\"lazy\" decoding=\"async\" class=\"alignnone size-full wp-image-415466\" src=\"https:\/\/www.monblogdefille.com\/blog\/wp-content\/uploads\/2023\/01\/sourcils-apres-premier-passage.jpg\" alt=\"\" width=\"1254\" height=\"872\" srcset=\"https:\/\/www.monblogdefille.com\/blog\/wp-content\/uploads\/2023\/01\/sourcils-apres-premier-passage.jpg 1254w, https:\/\/www.monblogdefille.com\/blog\/wp-content\/uploads\/2023\/01\/sourcils-apres-premier-passage-300x209.jpg 300w, https:\/\/www.monblogdefille.com\/blog\/wp-content\/uploads\/2023\/01\/sourcils-apres-premier-passage-1024x712.jpg 1024w, https:\/\/www.monblogdefille.com\/blog\/wp-content\/uploads\/2023\/01\/sourcils-apres-premier-passage-768x534.jpg 768w, https:\/\/www.monblogdefille.com\/blog\/wp-content\/uploads\/2023\/01\/sourcils-apres-premier-passage-1010x702.jpg 1010w\" sizes=\"auto, (max-width: 1254px) 100vw, 1254px\" \/><\/p>\n","protected":false},"excerpt":{"rendered":"<p>La question est purement rh\u00e9torique, bien s\u00fbr que la r\u00e9ponse est non. Du moins pas pour souscrire \u00e0 une mode ou pour ne plus avoir \u00e0 se maquiller le matin. Ca vaut la peine si&#8230;<br \/> <a class=\"read-more\" href=\"https:\/\/www.monblogdefille.com\/blog\/faut-il-se-faire-tatouer-les-sourcils\/\">Lire la suite \u00bb<\/a><\/p>\n","protected":false},"author":3,"featured_media":415465,"comment_status":"open","ping_status":"open","sticky":false,"template":"","format":"standard","meta":{"footnotes":""},"categories":[19924,20040],"tags":[19997],"class_list":["post-415464","post","type-post","status-publish","format-standard","has-post-thumbnail","hentry","category-belle-sans-souffrir","category-medecine-esthetique","tag-sourcils"],"_links":{"self":[{"href":"https:\/\/www.monblogdefille.com\/blog\/wp-json\/wp\/v2\/posts\/415464","targetHints":{"allow":["GET"]}}],"collection":[{"href":"https:\/\/www.monblogdefille.com\/blog\/wp-json\/wp\/v2\/posts"}],"about":[{"href":"https:\/\/www.monblogdefille.com\/blog\/wp-json\/wp\/v2\/types\/post"}],"author":[{"embeddable":true,"href":"https:\/\/www.monblogdefille.com\/blog\/wp-json\/wp\/v2\/users\/3"}],"replies":[{"embeddable":true,"href":"https:\/\/www.monblogdefille.com\/blog\/wp-json\/wp\/v2\/comments?post=415464"}],"version-history":[{"count":0,"href":"https:\/\/www.monblogdefille.com\/blog\/wp-json\/wp\/v2\/posts\/415464\/revisions"}],"wp:featuredmedia":[{"embeddable":true,"href":"https:\/\/www.monblogdefille.com\/blog\/wp-json\/wp\/v2\/media\/415465"}],"wp:attachment":[{"href":"https:\/\/www.monblogdefille.com\/blog\/wp-json\/wp\/v2\/media?parent=415464"}],"wp:term":[{"taxonomy":"category","embeddable":true,"href":"https:\/\/www.monblogdefille.com\/blog\/wp-json\/wp\/v2\/categories?post=415464"},{"taxonomy":"post_tag","embeddable":true,"href":"https:\/\/www.monblogdefille.com\/blog\/wp-json\/wp\/v2\/tags?post=415464"}],"curies":[{"name":"wp","href":"https:\/\/api.w.org\/{rel}","templated":true}]}}