{"id":415047,"date":"2022-06-01T09:00:03","date_gmt":"2022-06-01T07:00:03","guid":{"rendered":"https:\/\/www.monblogdefille.com\/blog\/?p=415047"},"modified":"2022-06-12T11:07:05","modified_gmt":"2022-06-12T09:07:05","slug":"qui-a-cesse-de-porter-des-soutiens-gorge","status":"publish","type":"post","link":"https:\/\/www.monblogdefille.com\/blog\/qui-a-cesse-de-porter-des-soutiens-gorge\/","title":{"rendered":"Qui a cess\u00e9 de porter des soutiens-gorge ?"},"content":{"rendered":"<p><img loading=\"lazy\" decoding=\"async\" class=\"alignnone size-full wp-image-415048\" src=\"https:\/\/www.monblogdefille.com\/blog\/wp-content\/uploads\/2022\/05\/soutien-gorge-scaled.jpg\" alt=\"\" width=\"1761\" height=\"2200\" srcset=\"https:\/\/www.monblogdefille.com\/blog\/wp-content\/uploads\/2022\/05\/soutien-gorge-scaled.jpg 1761w, https:\/\/www.monblogdefille.com\/blog\/wp-content\/uploads\/2022\/05\/soutien-gorge-240x300.jpg 240w, https:\/\/www.monblogdefille.com\/blog\/wp-content\/uploads\/2022\/05\/soutien-gorge-820x1024.jpg 820w, https:\/\/www.monblogdefille.com\/blog\/wp-content\/uploads\/2022\/05\/soutien-gorge-768x959.jpg 768w, https:\/\/www.monblogdefille.com\/blog\/wp-content\/uploads\/2022\/05\/soutien-gorge-1230x1536.jpg 1230w, https:\/\/www.monblogdefille.com\/blog\/wp-content\/uploads\/2022\/05\/soutien-gorge-1640x2048.jpg 1640w, https:\/\/www.monblogdefille.com\/blog\/wp-content\/uploads\/2022\/05\/soutien-gorge-1010x1261.jpg 1010w\" sizes=\"auto, (max-width: 1761px) 100vw, 1761px\" \/><\/p>\n<p>Pas moi, et pourtant parfois \u00e7a m&rsquo;arrangerait, certaines fringues \u00e9tant bien plus jolies sans (le d\u00e9bardeur \u00e0 emmanchures am\u00e9ricaines, par exemple, ou la robe que je porte sur cette photo).<br \/>\nJe pr\u00e9cise que je ne porte que des soutiens-gorge dont je dis que \u00ab\u00a0je peux dormir avec dans l&rsquo;avion si n\u00e9cessaire\u00a0\u00bb : z\u00e9ro armature, z\u00e9ro rembourrage, z\u00e9ro coque, le truc impalpable quoi, quasi des brassi\u00e8res ou des bralettes (ou \u00e7a compte comme des soutiens gorge ;-). Et je ne l&rsquo;enl\u00e8ve pas en arrivant chez moi, je n&rsquo;en ressens pas le besoin.<\/p>\n<p>Mais je n\u2019arrive ABSOLUMENT PAS \u00e0 ne pas en porter dehors. Je me sens nue et tr\u00e8s embarrass\u00e9e.<br \/>\nJe pense que c\u2019est \u00e0 la fois culturel (pays latin, pas tr\u00e8s \u00e9volu\u00e9 de ce c\u00f4t\u00e9-l\u00e0) et g\u00e9n\u00e9rationnel (les filles de 20 ou 30 ans le font beaucoup plus facilement).<\/p>\n<p>Ca m\u2019avait frapp\u00e9 l\u2019\u00e9t\u00e9 dernier \u00e0 Stockholm\u00a0; Val\u00e9riane avec qui j\u2019avais beaucoup discut\u00e9, m\u2019avait dit\u00a0: tu as remarqu\u00e9 qu\u2019ici les femmes ne portent pas de soutien-gorge\u00a0? C\u2019est parce qu\u2019il n\u2019y a pas de harc\u00e8lement de rue, donc elles font ce qu\u2019elles veulent.<br \/>\nDe fait, comme dans pas mal de pays anglo-saxons ou nordiques, personne ne vous fixe dans la rue, ni ne vous aborde ou fait de r\u00e9flexions.<\/p>\n<p>Chez nous fran\u00e7ais qui sommes des primates pour ces choses-l\u00e0, c\u2019est tr\u00e8s diff\u00e9rent.<br \/>\nDu coup pour moi c\u2019est impossible de sortir sans soutien-gorge, sauf v\u00eatement qui l\u2019interdit absolument (le soutien-gorge sans bretelles est une fausse bonne id\u00e9e, c\u2019est horriblement inconfortable), je suis beaucoup trop mal \u00e0 l\u2019aise.<\/p>\n<p>C\u2019est dommage, on est parfois mieux sans et il ressort de pas mal d\u2019\u00e9tudes que, contrairement \u00e0 ce qu\u2019on nous a serin\u00e9 toute notre vie, la poitrine ne tombe pas instantan\u00e9ment si on n\u2019en porte pas (il semblerait m\u00eame que ce soit plut\u00f4t le contraire).<\/p>\n<p>Bref, sur ce coup-l\u00e0 je crains d\u2019\u00eatre une grand-m\u00e8re perdue pour la cause. Et vous\u00a0? Soutif ou pas\u00a0?<\/p>\n<p><strong>Edit du lendemain :<\/strong> vos commentaires m&rsquo;ont fait beaucoup r\u00e9fl\u00e9chir, et je r\u00e9alise qu&rsquo;en fait je ne souhaite pas ne pas porter de soutiens-gorge pour \u00eatre plus confortable (je ne porte que des trucs seconde peau) ou combattre le patriarcat (m\u00eame si j&rsquo;entends bien que le regard des hommes &#8211; et de certaines femmes &#8211; sur les femmes sans soutien-gorge est un gros probl\u00e8me) ; je souhaiterais juste ne pas en porter sous certains v\u00eatements avec lesquels les bretelles visibles ne sont pas jolies, notamment les emmanchures am\u00e9ricaines que j&rsquo;adore, ou certaines robes \u00e0 bretelles par exemple.<\/p>\n","protected":false},"excerpt":{"rendered":"<p>Pas moi, et pourtant parfois \u00e7a m&rsquo;arrangerait, certaines fringues \u00e9tant bien plus jolies sans (le d\u00e9bardeur \u00e0 emmanchures am\u00e9ricaines, par exemple, ou la robe que je porte sur cette photo). Je pr\u00e9cise que je ne&#8230;<br \/> <a class=\"read-more\" href=\"https:\/\/www.monblogdefille.com\/blog\/qui-a-cesse-de-porter-des-soutiens-gorge\/\">Lire la suite \u00bb<\/a><\/p>\n","protected":false},"author":3,"featured_media":415048,"comment_status":"open","ping_status":"open","sticky":false,"template":"","format":"standard","meta":{"footnotes":""},"categories":[20176,20177],"tags":[20133],"class_list":["post-415047","post","type-post","status-publish","format-standard","has-post-thumbnail","hentry","category-lifestyle","category-mode","tag-mode"],"_links":{"self":[{"href":"https:\/\/www.monblogdefille.com\/blog\/wp-json\/wp\/v2\/posts\/415047","targetHints":{"allow":["GET"]}}],"collection":[{"href":"https:\/\/www.monblogdefille.com\/blog\/wp-json\/wp\/v2\/posts"}],"about":[{"href":"https:\/\/www.monblogdefille.com\/blog\/wp-json\/wp\/v2\/types\/post"}],"author":[{"embeddable":true,"href":"https:\/\/www.monblogdefille.com\/blog\/wp-json\/wp\/v2\/users\/3"}],"replies":[{"embeddable":true,"href":"https:\/\/www.monblogdefille.com\/blog\/wp-json\/wp\/v2\/comments?post=415047"}],"version-history":[{"count":0,"href":"https:\/\/www.monblogdefille.com\/blog\/wp-json\/wp\/v2\/posts\/415047\/revisions"}],"wp:featuredmedia":[{"embeddable":true,"href":"https:\/\/www.monblogdefille.com\/blog\/wp-json\/wp\/v2\/media\/415048"}],"wp:attachment":[{"href":"https:\/\/www.monblogdefille.com\/blog\/wp-json\/wp\/v2\/media?parent=415047"}],"wp:term":[{"taxonomy":"category","embeddable":true,"href":"https:\/\/www.monblogdefille.com\/blog\/wp-json\/wp\/v2\/categories?post=415047"},{"taxonomy":"post_tag","embeddable":true,"href":"https:\/\/www.monblogdefille.com\/blog\/wp-json\/wp\/v2\/tags?post=415047"}],"curies":[{"name":"wp","href":"https:\/\/api.w.org\/{rel}","templated":true}]}}