{"id":414981,"date":"2022-04-27T09:00:59","date_gmt":"2022-04-27T07:00:59","guid":{"rendered":"https:\/\/www.monblogdefille.com\/blog\/?p=414981"},"modified":"2022-05-11T09:30:11","modified_gmt":"2022-05-11T07:30:11","slug":"mon-premier-vetement-bleu-marine-depuis-41-ans-ceci-nest-pas-un-mouton-enchante","status":"publish","type":"post","link":"https:\/\/www.monblogdefille.com\/blog\/mon-premier-vetement-bleu-marine-depuis-41-ans-ceci-nest-pas-un-mouton-enchante\/","title":{"rendered":"Mon premier v\u00eatement bleu marine depuis 41 ans (ceci n\u2019est pas un mouton enchant\u00e9)"},"content":{"rendered":"<p><img loading=\"lazy\" decoding=\"async\" class=\"alignnone size-full wp-image-414982\" src=\"https:\/\/www.monblogdefille.com\/blog\/wp-content\/uploads\/2022\/04\/bleu-marine-1-scaled.jpg\" alt=\"\" width=\"1825\" height=\"2200\" srcset=\"https:\/\/www.monblogdefille.com\/blog\/wp-content\/uploads\/2022\/04\/bleu-marine-1-scaled.jpg 1825w, https:\/\/www.monblogdefille.com\/blog\/wp-content\/uploads\/2022\/04\/bleu-marine-1-249x300.jpg 249w, https:\/\/www.monblogdefille.com\/blog\/wp-content\/uploads\/2022\/04\/bleu-marine-1-849x1024.jpg 849w, https:\/\/www.monblogdefille.com\/blog\/wp-content\/uploads\/2022\/04\/bleu-marine-1-768x926.jpg 768w, https:\/\/www.monblogdefille.com\/blog\/wp-content\/uploads\/2022\/04\/bleu-marine-1-1274x1536.jpg 1274w, https:\/\/www.monblogdefille.com\/blog\/wp-content\/uploads\/2022\/04\/bleu-marine-1-1699x2048.jpg 1699w, https:\/\/www.monblogdefille.com\/blog\/wp-content\/uploads\/2022\/04\/bleu-marine-1-1010x1218.jpg 1010w\" sizes=\"auto, (max-width: 1825px) 100vw, 1825px\" \/><br \/>\n<img loading=\"lazy\" decoding=\"async\" class=\"alignnone size-full wp-image-414983\" src=\"https:\/\/www.monblogdefille.com\/blog\/wp-content\/uploads\/2022\/04\/bleu-marine-2-scaled.jpg\" alt=\"\" width=\"1978\" height=\"2200\" srcset=\"https:\/\/www.monblogdefille.com\/blog\/wp-content\/uploads\/2022\/04\/bleu-marine-2-scaled.jpg 1978w, https:\/\/www.monblogdefille.com\/blog\/wp-content\/uploads\/2022\/04\/bleu-marine-2-270x300.jpg 270w, https:\/\/www.monblogdefille.com\/blog\/wp-content\/uploads\/2022\/04\/bleu-marine-2-921x1024.jpg 921w, https:\/\/www.monblogdefille.com\/blog\/wp-content\/uploads\/2022\/04\/bleu-marine-2-768x854.jpg 768w, https:\/\/www.monblogdefille.com\/blog\/wp-content\/uploads\/2022\/04\/bleu-marine-2-1381x1536.jpg 1381w, https:\/\/www.monblogdefille.com\/blog\/wp-content\/uploads\/2022\/04\/bleu-marine-2-1842x2048.jpg 1842w, https:\/\/www.monblogdefille.com\/blog\/wp-content\/uploads\/2022\/04\/bleu-marine-2-1010x1123.jpg 1010w\" sizes=\"auto, (max-width: 1978px) 100vw, 1978px\" \/><\/p>\n<p>De 3 \u00e0 11 ans, j\u2019ai \u00e9t\u00e9 scolaris\u00e9e dans une \u00e9cole tenue par des bonnes s\u0153urs. Suivant la m\u00e9thode Montessori, certes, mais tout de m\u00eame, des bonnes s\u0153urs.<\/p>\n<p>Donc avec cat\u00e9chisme etc, ce dont je me suis remise, et uniforme bleu marine, ce qui m\u2019a pouss\u00e9e \u00e0 ne plus JAMAIS porter de bleu marine de toute ma vie.<br \/>\nPeut-\u00eatre qu\u2019\u00e0 6 ans j\u2019avais d\u00e9j\u00e0 le sens des couleurs\u00a0??<br \/>\nPour moi c\u2019est la couleur coinc\u00e9e-bonne-soeurique-jupe-pliss\u00e9e-collier-de-perles par excellence.<br \/>\nVu comme \u00e7a, \u00e7a fait moyen envie ;-).<\/p>\n<p>Je sais \u00e9videmment que \u00e7a peut \u00eatre faux et que des tas de gens cools et pas du tout bonne soeuriques portent du bleu marine avec style et branchitude, mais moi c\u2019est ce que \u00e7a m\u2019\u00e9voque imm\u00e9diatement.<\/p>\n<p>Il faut dire aussi que je ne trouve \u00e7a ni joli ni int\u00e9ressant (comme vous savez, je ne porte quasiment pas de couleurs sombres, je les trouve ennuyeuses et ternes).<br \/>\nOui m\u00eame mari\u00e9 \u00e0 du noir. Chez un cr\u00e9ateur japonais \u00e7a peut avoir de la gueule, mais \u00e7a ne me donne pas envie d\u2019en porter pour autant.<\/p>\n<p>Et puis j\u2019ai command\u00e9 par erreur <a href=\"https:\/\/bit.ly\/3EOkNzN\" target=\"_blank\" rel=\"noopener\"><strong>ce pull<\/strong><\/a>\u00a0que je croyais \u00e0 rayures sombres sur fond blanc, et qui est arriv\u00e9 dans la combinaison inverse ; j\u2019ai des tas de marini\u00e8res \u00e0 fond blanc ou cr\u00e8me, dans ces conditions quelques rayures bleu marine ne me semblent pas bonne soeuriques. Mais ici \u00e7a fait beauuuucoup de bleu marine.<\/p>\n<p>Le trouvant joliment coup\u00e9 malgr\u00e9 \u00e7a j\u2019ai fini par l\u2019essayer, et j\u2019ai constat\u00e9 qu\u2019il m\u2019allait tr\u00e8s bien. Je vais donc l\u2019emmener en Norv\u00e8ge cet \u00e9t\u00e9\u00a0: de toute fa\u00e7on il est trop chaud pour \u00eatre port\u00e9 ailleurs \u00e0 cette saison, et l\u00e0-bas il sera hors contexte et on ne me regardera pas avec commis\u00e9ration\u00a0comme une parisienne habill\u00e9e pour la Bretagne \u2013 si si, je sais bien ce que vous les bretons, pensez de nous quand on d\u00e9barque avec nos cir\u00e9s jaunes ;-) (\u00ab\u00a0ces parisiens sont vraiment graves\u00a0\u00bb, en levant les yeux au ciel\u00a0; en fait je suis assez d\u2019accord avec vous, mais qu\u2019est-ce que vous voulez, \u00e7a nous fait plaisir et \u00e7a ne fait de mal \u00e0 personne\u00a0;-) (en vrai je n\u2019ai pas de cir\u00e9 jaune, mais vous voyez ce que je veux dire).<\/p>\n<p>Est-ce que je compte acheter d\u2019autres v\u00eatements bleu marine\u00a0? Plut\u00f4t crever. Je continue \u00e0 trouver \u00e7a chiant et bonne soeurique. Comme le gris anthracite par exemple, qui est la couleur la plus sinistre de la terre et est interdit de s\u00e9jour dans ma garde-robe.<\/p>\n<p>Mais lui, je l\u2019aime bien (filez-nous cet \u00e9moji drapeau breton qu\u2019on r\u00e9clame depuis des si\u00e8cles, mar plij\u00a0!).<\/p>\n","protected":false},"excerpt":{"rendered":"<p>De 3 \u00e0 11 ans, j\u2019ai \u00e9t\u00e9 scolaris\u00e9e dans une \u00e9cole tenue par des bonnes s\u0153urs. Suivant la m\u00e9thode Montessori, certes, mais tout de m\u00eame, des bonnes s\u0153urs. Donc avec cat\u00e9chisme etc, ce dont je&#8230;<br \/> <a class=\"read-more\" href=\"https:\/\/www.monblogdefille.com\/blog\/mon-premier-vetement-bleu-marine-depuis-41-ans-ceci-nest-pas-un-mouton-enchante\/\">Lire la suite \u00bb<\/a><\/p>\n","protected":false},"author":3,"featured_media":414982,"comment_status":"open","ping_status":"open","sticky":false,"template":"","format":"standard","meta":{"footnotes":""},"categories":[20176,19927,20177],"tags":[20133],"class_list":["post-414981","post","type-post","status-publish","format-standard","has-post-thumbnail","hentry","category-lifestyle","category-looks","category-mode","tag-mode"],"_links":{"self":[{"href":"https:\/\/www.monblogdefille.com\/blog\/wp-json\/wp\/v2\/posts\/414981","targetHints":{"allow":["GET"]}}],"collection":[{"href":"https:\/\/www.monblogdefille.com\/blog\/wp-json\/wp\/v2\/posts"}],"about":[{"href":"https:\/\/www.monblogdefille.com\/blog\/wp-json\/wp\/v2\/types\/post"}],"author":[{"embeddable":true,"href":"https:\/\/www.monblogdefille.com\/blog\/wp-json\/wp\/v2\/users\/3"}],"replies":[{"embeddable":true,"href":"https:\/\/www.monblogdefille.com\/blog\/wp-json\/wp\/v2\/comments?post=414981"}],"version-history":[{"count":0,"href":"https:\/\/www.monblogdefille.com\/blog\/wp-json\/wp\/v2\/posts\/414981\/revisions"}],"wp:featuredmedia":[{"embeddable":true,"href":"https:\/\/www.monblogdefille.com\/blog\/wp-json\/wp\/v2\/media\/414982"}],"wp:attachment":[{"href":"https:\/\/www.monblogdefille.com\/blog\/wp-json\/wp\/v2\/media?parent=414981"}],"wp:term":[{"taxonomy":"category","embeddable":true,"href":"https:\/\/www.monblogdefille.com\/blog\/wp-json\/wp\/v2\/categories?post=414981"},{"taxonomy":"post_tag","embeddable":true,"href":"https:\/\/www.monblogdefille.com\/blog\/wp-json\/wp\/v2\/tags?post=414981"}],"curies":[{"name":"wp","href":"https:\/\/api.w.org\/{rel}","templated":true}]}}