{"id":414845,"date":"2022-01-16T09:00:52","date_gmt":"2022-01-16T08:00:52","guid":{"rendered":"https:\/\/www.monblogdefille.com\/blog\/?p=414845"},"modified":"2022-01-26T10:09:45","modified_gmt":"2022-01-26T09:09:45","slug":"mes-produits-dhiver-pour-peau-sensible","status":"publish","type":"post","link":"https:\/\/www.monblogdefille.com\/blog\/mes-produits-dhiver-pour-peau-sensible\/","title":{"rendered":"Mes produits d\u2019hiver pour peau sensible"},"content":{"rendered":"<p style=\"text-align: center;\"><iframe loading=\"lazy\" frameborder=\"0\" height=\"563\" src=\"https:\/\/www.youtube.com\/embed\/z7FRL7EG8Dk\" width=\"1000\"><span data-mce-type=\"bookmark\" style=\"display: inline-block; width: 0px; overflow: hidden; line-height: 0;\" class=\"mce_SELRES_start\"><\/span><span data-mce-type=\"bookmark\" style=\"display: inline-block; width: 0px; overflow: hidden; line-height: 0;\" class=\"mce_SELRES_start\"><\/span><span data-mce-type=\"bookmark\" style=\"display: inline-block; width: 0px; overflow: hidden; line-height: 0;\" class=\"mce_SELRES_start\"><\/span><span style=\"display: inline-block; width: 0px; overflow: hidden; line-height: 0;\" data-mce-type=\"bookmark\" class=\"mce_SELRES_start\"><\/span><span style=\"display: inline-block; width: 0px; overflow: hidden; line-height: 0;\" data-mce-type=\"bookmark\" class=\"mce_SELRES_start\"><\/span><\/iframe><\/p>\n<p style=\"text-align: center;\"><em>Cette vid\u00e9o contient un partenariat r\u00e9mun\u00e9r\u00e9 avec Ole Henriksen<br \/>\n<\/em><br \/>\n<a href=\"https:\/\/bit.ly\/3Fpj56q\" target=\"_blank\" rel=\"noopener\"><strong>Ole Henriksen \u2013 Cr\u00e8me Strength Trainer<\/strong><\/a><\/p>\n<p style=\"text-align: center;\"><a href=\"https:\/\/bit.ly\/3yxOqlF\" target=\"_blank\" rel=\"noopener\"><strong>La Roche Posay \u2013 Cr\u00e8me de jour Dermallergo<\/strong><\/a><\/p>\n<p style=\"text-align: center;\"><a href=\"https:\/\/bit.ly\/3fduEDc\" target=\"_blank\" rel=\"noopener\"><strong>Clarins \u2013 Cr\u00e8me Calm Essentiel<\/strong>\u00a0<\/a><\/p>\n<p style=\"text-align: center;\"><a href=\"https:\/\/bit.ly\/3tqAZ6F\" target=\"_blank\" rel=\"noopener\"><strong>Clinique \u2013 Cr\u00e8me Comfort on Call<\/strong><\/a><\/p>\n<p style=\"text-align: center;\"><a href=\"https:\/\/bit.ly\/3qilF9Y\" target=\"_blank\" rel=\"noopener\"><strong>Ren Skincare \u2013 S\u00e9rum Evercalm<\/strong><\/a><\/p>\n<p style=\"text-align: center;\"><a href=\"https:\/\/bit.ly\/3K1QmYV\" target=\"_blank\" rel=\"noopener\"><strong>La Roche Posay \u2013 S\u00e9rum Dermallergo<\/strong><\/a><\/p>\n<p style=\"text-align: center;\"><a href=\"https:\/\/bit.ly\/3qjZ6BZ\" target=\"_blank\" rel=\"noopener\"><strong>Aveeno \u2013 Triple Oat Serum<\/strong>\u00a0<\/a><\/p>\n<p style=\"text-align: center;\"><a href=\"https:\/\/bit.ly\/34JolVY\" target=\"_blank\" rel=\"noopener\"><strong>Zelens \u2013 Power D<\/strong><\/a><\/p>\n<p style=\"text-align: center;\"><a href=\"https:\/\/bit.ly\/2KiA03G\" target=\"_blank\" rel=\"noopener\"><strong>Sisley\u00a0\u2013 Masque Velours au aux fleurs de Safran<\/strong><\/a><\/p>\n<p style=\"text-align: center;\"><a href=\"https:\/\/bit.ly\/3Fk9o9w\" target=\"_blank\" rel=\"noopener\"><strong>Skinceuticals\u00a0\u2013 Masque Phyto Corrective<\/strong><\/a><\/p>\n<p style=\"text-align: center;\"><a href=\"https:\/\/bit.ly\/3K3f772\" target=\"_blank\" rel=\"noopener\"><strong>Av\u00e8ne\u00a0\u2013 Masque Apaisant Eclat<\/strong><\/a><\/p>\n<p style=\"text-align: center;\"><a href=\"https:\/\/bit.ly\/31P9rw7\" target=\"_blank\" rel=\"noopener\"><strong>Dr Jart \u2013 Brume Apaisante Cicapair<\/strong><\/a><\/p>\n<p style=\"text-align: center;\"><strong><em>SHOPPEZ MES PRODUITS D\u2019HIVER <\/em><\/strong><\/p>\n<div class=\"shopthepost-widget\" data-widget-id=\"4676886\">\r\n                <script type=\"text\/javascript\" language=\"javascript\">\r\n                    !function(d,s,id){\r\n                        var e, p = \/^http:\/.test(d.location) ? 'http' : 'https';\r\n                        if(!d.getElementById(id)) {\r\n                            e     = d.createElement(s);\r\n                            e.id  = id;\r\n                            e.src = p + ':\/\/widgets.rewardstyle.com\/js\/shopthepost.js';\r\n                            d.body.appendChild(e);\r\n                        }\r\n                        if(typeof window.__stp === 'object') if(d.readyState === 'complete') {\r\n                            window.__stp.init();\r\n                        }\r\n                    }(document, 'script', 'shopthepost-script');\r\n                <\/script>\r\n                <div class=\"rs-adblock\">\r\n                    <img decoding=\"async\" src=\"\/\/assets.rewardstyle.com\/images\/search\/350.gif\" style=\"width:15px;height:15px;\" onerror=\"this.parentNode.innerHTML='Turn off your ad blocker to view content'\" \/>\r\n                    <noscript>Turn on your JavaScript to view content<\/noscript>\r\n                <\/div>\r\n            <\/div>\n","protected":false},"excerpt":{"rendered":"<p>Cette vid\u00e9o contient un partenariat r\u00e9mun\u00e9r\u00e9 avec Ole Henriksen Ole Henriksen \u2013 Cr\u00e8me Strength Trainer La Roche Posay \u2013 Cr\u00e8me de jour Dermallergo Clarins \u2013 Cr\u00e8me Calm Essentiel\u00a0 Clinique \u2013 Cr\u00e8me Comfort on Call Ren&#8230;<br \/> <a class=\"read-more\" href=\"https:\/\/www.monblogdefille.com\/blog\/mes-produits-dhiver-pour-peau-sensible\/\">Lire la suite \u00bb<\/a><\/p>\n","protected":false},"author":3,"featured_media":414846,"comment_status":"open","ping_status":"open","sticky":false,"template":"","format":"standard","meta":{"footnotes":""},"categories":[1489,20158,19978],"tags":[20273,20240],"class_list":["post-414845","post","type-post","status-publish","format-standard","has-post-thumbnail","hentry","category-le-soin","category-soin","category-videos","tag-rosacee","tag-videos-soin"],"_links":{"self":[{"href":"https:\/\/www.monblogdefille.com\/blog\/wp-json\/wp\/v2\/posts\/414845","targetHints":{"allow":["GET"]}}],"collection":[{"href":"https:\/\/www.monblogdefille.com\/blog\/wp-json\/wp\/v2\/posts"}],"about":[{"href":"https:\/\/www.monblogdefille.com\/blog\/wp-json\/wp\/v2\/types\/post"}],"author":[{"embeddable":true,"href":"https:\/\/www.monblogdefille.com\/blog\/wp-json\/wp\/v2\/users\/3"}],"replies":[{"embeddable":true,"href":"https:\/\/www.monblogdefille.com\/blog\/wp-json\/wp\/v2\/comments?post=414845"}],"version-history":[{"count":0,"href":"https:\/\/www.monblogdefille.com\/blog\/wp-json\/wp\/v2\/posts\/414845\/revisions"}],"wp:featuredmedia":[{"embeddable":true,"href":"https:\/\/www.monblogdefille.com\/blog\/wp-json\/wp\/v2\/media\/414846"}],"wp:attachment":[{"href":"https:\/\/www.monblogdefille.com\/blog\/wp-json\/wp\/v2\/media?parent=414845"}],"wp:term":[{"taxonomy":"category","embeddable":true,"href":"https:\/\/www.monblogdefille.com\/blog\/wp-json\/wp\/v2\/categories?post=414845"},{"taxonomy":"post_tag","embeddable":true,"href":"https:\/\/www.monblogdefille.com\/blog\/wp-json\/wp\/v2\/tags?post=414845"}],"curies":[{"name":"wp","href":"https:\/\/api.w.org\/{rel}","templated":true}]}}