{"id":414568,"date":"2021-07-07T09:00:26","date_gmt":"2021-07-07T07:00:26","guid":{"rendered":"https:\/\/www.monblogdefille.com\/blog\/?p=414568"},"modified":"2021-07-18T11:05:07","modified_gmt":"2021-07-18T09:05:07","slug":"le-mouton-enchante-episode-9-la-chaine-de-cheville","status":"publish","type":"post","link":"https:\/\/www.monblogdefille.com\/blog\/le-mouton-enchante-episode-9-la-chaine-de-cheville\/","title":{"rendered":"Le mouton enchant\u00e9, \u00e9pisode 9 : la cha\u00eene de cheville"},"content":{"rendered":"<p><img loading=\"lazy\" decoding=\"async\" class=\"aligncenter size-full wp-image-414569\" src=\"https:\/\/www.monblogdefille.com\/blog\/wp-content\/uploads\/2021\/07\/chaine_de_cheville.jpg\" alt=\"\" width=\"1502\" height=\"1296\" srcset=\"https:\/\/www.monblogdefille.com\/blog\/wp-content\/uploads\/2021\/07\/chaine_de_cheville.jpg 1502w, https:\/\/www.monblogdefille.com\/blog\/wp-content\/uploads\/2021\/07\/chaine_de_cheville-300x259.jpg 300w, https:\/\/www.monblogdefille.com\/blog\/wp-content\/uploads\/2021\/07\/chaine_de_cheville-1024x884.jpg 1024w, https:\/\/www.monblogdefille.com\/blog\/wp-content\/uploads\/2021\/07\/chaine_de_cheville-768x663.jpg 768w, https:\/\/www.monblogdefille.com\/blog\/wp-content\/uploads\/2021\/07\/chaine_de_cheville-1010x871.jpg 1010w\" sizes=\"auto, (max-width: 1502px) 100vw, 1502px\" \/><\/p>\n<p style=\"text-align: center;\"><em>(cha\u00eene de cou <a href=\"https:\/\/bit.ly\/2MIWU5\" target=\"_blank\" rel=\"noopener\"><strong>Etsy<\/strong><\/a>\u00a0que j\u2019ai recoup\u00e9e) <\/em><\/p>\n<p>Cette fois j\u2019ai moutonn\u00e9 \u00e0 une vitesse remarquable : \u00e0 la seconde o\u00f9 j\u2019ai vu je ne sais plu qui (peut-\u00eatre Emma Hill ?) porter r\u00e9cemment ce vestige des ann\u00e9es 80 \/ 90 et consid\u00e9r\u00e9 \u00e0 l\u2019\u00e9poque comme le summum de la vulgarit\u00e9 (par ma m\u00e8re, en tout cas ;-), j\u2019en ai voulu une.<\/p>\n<p>Je trouve \u00e7a ravissant, je n\u2019ai rien d\u2019autre \u00e0 dire.<br \/>\nEt pour quelqu\u2019un de mon \u00e2ge \u00e7a fait tr\u00e8s bizarre de trouver \u00e7a ravissant\u00a0: lorsque que j\u2019\u00e9tais adolescente et jeune adulte c\u2019\u00e9tait vraiment un \u00e9norme no-no (bien que tr\u00e8s \u00e0 la mode), et les tr\u00e8s rares fois o\u00f9 j\u2019en avais vu depuis j\u2019avais continu\u00e9 \u00e0 trouver \u00e7a de super mauvais go\u00fbt (mais \u00e0 vrai dire \u00e7a avait quasiment disparu).<\/p>\n<p>D\u00e8s que je l\u2019ai attach\u00e9e sur moi j\u2019ai trouv\u00e9 \u00e7a d\u00e9licieux et f\u00e9minin et sexy, tous adjectifs que je rejette habituellement et consid\u00e8re m\u00eame avec un l\u00e9ger m\u00e9pris. Je ne me reconnais pas moi-m\u00eame.<\/p>\n<p>Certes j\u2019ai une passion pour les bijoux donc \u00e7a pouvait me pendre au nez, mais je ne m\u2019attendais vraiment pas UNE SEULE SECONDE \u00e0 porter \u00e7a un jour.<\/p>\n<p>Vous aussi vous avez trouv\u00e9 la cha\u00eene de cheville vulgaire toute votre vie, ou vous appartenez \u00e0 une g\u00e9n\u00e9ration plus jeune qui n\u2019a pas du tout le m\u00eame ressenti\u00a0?<\/p>\n","protected":false},"excerpt":{"rendered":"<p><img loading=\"lazy\" decoding=\"async\" class=\"aligncenter size-full wp-image-414569\" src=\"https:\/\/www.monblogdefille.com\/blog\/wp-content\/uploads\/2021\/07\/chaine_de_cheville.jpg\" alt=\"\" width=\"1502\" height=\"1296\" srcset=\"https:\/\/www.monblogdefille.com\/blog\/wp-content\/uploads\/2021\/07\/chaine_de_cheville.jpg 1502w, https:\/\/www.monblogdefille.com\/blog\/wp-content\/uploads\/2021\/07\/chaine_de_cheville-300x259.jpg 300w, https:\/\/www.monblogdefille.com\/blog\/wp-content\/uploads\/2021\/07\/chaine_de_cheville-1024x884.jpg 1024w, https:\/\/www.monblogdefille.com\/blog\/wp-content\/uploads\/2021\/07\/chaine_de_cheville-768x663.jpg 768w, https:\/\/www.monblogdefille.com\/blog\/wp-content\/uploads\/2021\/07\/chaine_de_cheville-1010x871.jpg 1010w\" sizes=\"auto, (max-width: 1502px) 100vw, 1502px\" \/><\/p>\n<p style=\"text-align: center;\">\n","protected":false},"author":3,"featured_media":414569,"comment_status":"open","ping_status":"open","sticky":false,"template":"","format":"standard","meta":{"footnotes":""},"categories":[20125,20176],"tags":[20098],"class_list":["post-414568","post","type-post","status-publish","format-standard","has-post-thumbnail","hentry","category-bijoux","category-lifestyle","tag-bijoux"],"_links":{"self":[{"href":"https:\/\/www.monblogdefille.com\/blog\/wp-json\/wp\/v2\/posts\/414568","targetHints":{"allow":["GET"]}}],"collection":[{"href":"https:\/\/www.monblogdefille.com\/blog\/wp-json\/wp\/v2\/posts"}],"about":[{"href":"https:\/\/www.monblogdefille.com\/blog\/wp-json\/wp\/v2\/types\/post"}],"author":[{"embeddable":true,"href":"https:\/\/www.monblogdefille.com\/blog\/wp-json\/wp\/v2\/users\/3"}],"replies":[{"embeddable":true,"href":"https:\/\/www.monblogdefille.com\/blog\/wp-json\/wp\/v2\/comments?post=414568"}],"version-history":[{"count":0,"href":"https:\/\/www.monblogdefille.com\/blog\/wp-json\/wp\/v2\/posts\/414568\/revisions"}],"wp:featuredmedia":[{"embeddable":true,"href":"https:\/\/www.monblogdefille.com\/blog\/wp-json\/wp\/v2\/media\/414569"}],"wp:attachment":[{"href":"https:\/\/www.monblogdefille.com\/blog\/wp-json\/wp\/v2\/media?parent=414568"}],"wp:term":[{"taxonomy":"category","embeddable":true,"href":"https:\/\/www.monblogdefille.com\/blog\/wp-json\/wp\/v2\/categories?post=414568"},{"taxonomy":"post_tag","embeddable":true,"href":"https:\/\/www.monblogdefille.com\/blog\/wp-json\/wp\/v2\/tags?post=414568"}],"curies":[{"name":"wp","href":"https:\/\/api.w.org\/{rel}","templated":true}]}}