{"id":414503,"date":"2021-06-02T09:00:23","date_gmt":"2021-06-02T07:00:23","guid":{"rendered":"https:\/\/www.monblogdefille.com\/blog\/?p=414503"},"modified":"2021-06-13T10:23:52","modified_gmt":"2021-06-13T08:23:52","slug":"le-tout-nouveau-spf-50-deau-thermale-avene-contre-la-lumiere-bleue","status":"publish","type":"post","link":"https:\/\/www.monblogdefille.com\/blog\/le-tout-nouveau-spf-50-deau-thermale-avene-contre-la-lumiere-bleue\/","title":{"rendered":"Le tout nouveau SPF 50+ d\u2019Eau Thermale Av\u00e8ne contre la lumi\u00e8re bleue"},"content":{"rendered":"<p><img loading=\"lazy\" decoding=\"async\" class=\"aligncenter size-full wp-image-414504\" src=\"https:\/\/www.monblogdefille.com\/blog\/wp-content\/uploads\/2021\/06\/solaire_avene_lumiere_bleue.jpg\" alt=\"\" width=\"2000\" height=\"1431\" srcset=\"https:\/\/www.monblogdefille.com\/blog\/wp-content\/uploads\/2021\/06\/solaire_avene_lumiere_bleue.jpg 2000w, https:\/\/www.monblogdefille.com\/blog\/wp-content\/uploads\/2021\/06\/solaire_avene_lumiere_bleue-300x215.jpg 300w, https:\/\/www.monblogdefille.com\/blog\/wp-content\/uploads\/2021\/06\/solaire_avene_lumiere_bleue-1024x733.jpg 1024w, https:\/\/www.monblogdefille.com\/blog\/wp-content\/uploads\/2021\/06\/solaire_avene_lumiere_bleue-768x550.jpg 768w, https:\/\/www.monblogdefille.com\/blog\/wp-content\/uploads\/2021\/06\/solaire_avene_lumiere_bleue-1536x1099.jpg 1536w, https:\/\/www.monblogdefille.com\/blog\/wp-content\/uploads\/2021\/06\/solaire_avene_lumiere_bleue-1010x723.jpg 1010w\" sizes=\"auto, (max-width: 2000px) 100vw, 2000px\" \/><\/p>\n<p style=\"text-align: center;\"><strong><em>Partenariat r\u00e9mun\u00e9r\u00e9 avec Eau Thermale Av\u00e8ne<\/em><\/strong><\/p>\n<p>On sait depuis un bon moment que la lumi\u00e8re bleue est mauvaise pour les yeux, mais jusqu\u2019ici je n\u2019avais pas connaissance d\u2019\u00e9tudes prouvant sa nocivit\u00e9 sur la peau, c\u2019est pour \u00e7a que je n\u2019y attachais pas r\u00e9ellement d\u2019importance.<\/p>\n<p>J\u2019ai d\u00e9couvert la semaine derni\u00e8re gr\u00e2ce \u00e0 Av\u00e8ne qu\u2019il y a, depuis environ 5 ans, de plus en plus d\u2019\u00e9tudes* sur le sujet ; et celles-ci prouvent que cette lumi\u00e8re bleue peut repr\u00e9senter 25% des dommages cellulaires oxydatifs (l\u2019oxydation est en quelque sorte la \u00ab\u00a0rouille\u00a0\u00bb de la peau), en p\u00e9n\u00e9trant tr\u00e8s profond, jusqu\u2019\u00e0 l\u2019hypoderme\u00a0: en bref, \u00e7a acc\u00e9l\u00e8re le vieillissement comme tout ce qui oxyde les cellules, et \u00e7a favorise aussi le d\u00e9veloppement des cancers de la peau.<br \/>\n<em>* Deux de ces \u00e9tudes indiqu\u00e9es en fin d\u2019article.<\/em><\/p>\n<p>Attention, on parle ici de la lumi\u00e8re bleue \u00e9mise par le soleil, mille fois sup\u00e9rieure (c\u2019est le chiffre exact) \u00e0 celle \u00e9mise par les \u00e9crans. Une heure d\u2019exposition \u00e0 la lumi\u00e8re bleue dehors correspond \u00e0 3 mois d\u2019exposition \u00e0 la lumi\u00e8re bleue des \u00e9crans. On peut donc sans se tromper dire que le danger est dehors, pas dedans.<\/p>\n<p>Le nouveau produit que vous voyez sur cette photo, <a href=\"https:\/\/www.eau-thermale-avene.fr\/p\/intense-protect-50_utm_source=influence-blog-monblogdefille&amp;utm_medium=display&amp;utm_campaign=2021-FR-solaire-intense-protect\" target=\"_blank\" rel=\"noopener\"><strong>Av\u00e8ne SPF 50+ Intense Protect<\/strong><\/a>, est donc un produit d\u2019ext\u00e9rieur (plage, randonn\u00e9e, jardinage, balades, etc\u2026), d\u2019autant plus qu\u2019il est efficace dans les conditions d\u2019ensoleillement intense, et aussi pour les sports (dont nautiques) car il est extr\u00eamement r\u00e9sistant \u00e0 l\u2019eau et \u00e0 la transpiration.<\/p>\n<p>Et Av\u00e8ne a fait ici un vrai saut technologique\u00a0: le nouveau filtre cr\u00e9\u00e9, le <strong>TriAsorB<\/strong>, est le seul filtre actuel ayant la capacit\u00e9 de prot\u00e9ger contre la lumi\u00e8re bleue haute \u00e9nergie visible.<br \/>\nLa cr\u00e9ation d\u2019un nouveau filtre solaire est un \u00e9v\u00e8nement exceptionnel et tr\u00e8s rare, le TriAsorB est le r\u00e9sultat de 20 ann\u00e9es de recherche des laboratoires Pierre Fabre.<br \/>\nEt ce tout en respectant l\u2019environnement\u00a0: comme les autres filtres utilis\u00e9s chez Av\u00e8ne (auxquels il a \u00e9t\u00e9 ajout\u00e9 dans cette formule), il n\u2019est toxique ni sur le corail, ni sur le phytoplancton, ni sur le zooplancton.<br \/>\nBien s\u00fbr, Av\u00e8ne poursuit le travail engag\u00e9 en 2016 avec <strong>Pur Projet<\/strong>, pour d\u00e9fendre la sauvegarde des \u00e9cosyst\u00e8mes marins en Indon\u00e9sie (voir <a href=\"https:\/\/www.monblogdefille.com\/blog\/a-bali-avec-avene\/\" target=\"_blank\" rel=\"noopener\"><strong>ma vid\u00e9o de 2018 \u00e0 Bali<\/strong><\/a> sur le sujet).<\/p>\n<p>Ce qui est int\u00e9ressant c\u2019est que c\u2019est un filtre chimique, mais il reste totalement \u00e0 la surface de la peau, il ne p\u00e9n\u00e8tre pas du tout (contrairement aux filtres min\u00e9raux nano, par exemple). A vrai dire c\u2019est le premier filtre chimique capable d\u2019absorber et de refl\u00e9ter les rayons nocifs, sans p\u00e9n\u00e9trer.<br \/>\nIl prot\u00e8ge \u00e9videmment aussi contre les UVB, et les UVA courts et longs.<\/p>\n<p>Le produit fait visage et corps, ne contient pas de parfum, est adapt\u00e9 aux peaux sensibles, fragiles ou l\u00e9s\u00e9es, et \u00e0 tous les \u00e2ges (les b\u00e9b\u00e9s aussi, m\u00eame si bien s\u00fbr il ne faut jamais exposer les b\u00e9b\u00e9s au soleil, mais on ne peut pas toujours les laisser \u00e0 la cave\u00a0;-).<br \/>\nIl a \u00e9t\u00e9 test\u00e9 sous contr\u00f4le dermatologique, p\u00e9diatrique et ophtalmologique.<\/p>\n<p>Sa couleur l\u00e9g\u00e8rement nude est la preuve de la pr\u00e9sence de ce nouveau filtre, le Triasorb, car il est est jaune pour absorber le bleu (c\u2019est le principe de la compl\u00e9mentarit\u00e9 des couleurs, le jaune est \u00e0 l\u2019oppos\u00e9 du bleu dans le spectre colorim\u00e9trique) (si un produit est transparent, il ne peut pas prot\u00e9ger contre la lumi\u00e8re bleue)\u00a0; mais quand on l\u2019\u00e9tale il devient invisible (a priori sur les peaux fonc\u00e9es aussi). Je l\u2019ai bien s\u00fbr essay\u00e9, et en effet la l\u00e9g\u00e8re teinte dispara\u00eet imm\u00e9diatement quand on l\u2019\u00e9tale.<\/p>\n<p>L\u2019efficacit\u00e9 de ce filtre permet d\u2019en mettre moins dans la formule, moyennant quoi le produit est un peu plus biod\u00e9gradable (mais sachez qu\u2019\u00e0 ce jour <em>aucun<\/em> filtre solaire n\u2019est biod\u00e9gradable, quoi qu\u2019on vous dise \u2013 d\u2019autant que les excipients, c\u2019est-\u00e0-dire le reste de la formule, ne l\u2019est pas). Et le tube est recyclable.<\/p>\n<p>Il y en a 150 ml et il co\u00fbte entre 18 et 20 euros selon les points de vente<\/p>\n<p>Les quantit\u00e9s recommand\u00e9es pour \u00eatre prot\u00e9g\u00e9 au niveau annonc\u00e9 sont\u00a0: la longueur d\u20191 doigt pour le visage (j\u2019ai v\u00e9rifi\u00e9, \u00e7a fait bien une cuill\u00e8re \u00e0 caf\u00e9\u00a0;-), 1 doigt pour le cou, et 2 doigts pour chacune des autres zones du corps.<\/p>\n<p>*<strong> Alt\u00e9ration des cellules de la peau d\u00e8s 1h d\u2019exposition \u00e0 la lumi\u00e8re bleue<\/strong>\u00a0 \u2013\u00a0<em>Journal of Investigative Dermatology (2010) 130, 259 \u2013 269 ; doi : 10.1038\/jid.2009.194 ; published online 13 August 2009.<\/em><\/p>\n<p>* <strong>La lumi\u00e8re bleue responsable de 25% des dommages cellulaires li\u00e9s \u00e0 l\u2019exposition au soleil<\/strong>\u00a0<em>British Journal of Dermatology 2019 ; 180 : 597\u2013603. 3 \u2013 Skin Pharmacol Physiol 2009<\/em><\/p>\n","protected":false},"excerpt":{"rendered":"<p><img loading=\"lazy\" decoding=\"async\" class=\"aligncenter size-full wp-image-414504\" src=\"https:\/\/www.monblogdefille.com\/blog\/wp-content\/uploads\/2021\/06\/solaire_avene_lumiere_bleue.jpg\" alt=\"\" width=\"2000\" height=\"1431\" srcset=\"https:\/\/www.monblogdefille.com\/blog\/wp-content\/uploads\/2021\/06\/solaire_avene_lumiere_bleue.jpg 2000w, https:\/\/www.monblogdefille.com\/blog\/wp-content\/uploads\/2021\/06\/solaire_avene_lumiere_bleue-300x215.jpg 300w, https:\/\/www.monblogdefille.com\/blog\/wp-content\/uploads\/2021\/06\/solaire_avene_lumiere_bleue-1024x733.jpg 1024w, https:\/\/www.monblogdefille.com\/blog\/wp-content\/uploads\/2021\/06\/solaire_avene_lumiere_bleue-768x550.jpg 768w, https:\/\/www.monblogdefille.com\/blog\/wp-content\/uploads\/2021\/06\/solaire_avene_lumiere_bleue-1536x1099.jpg 1536w, https:\/\/www.monblogdefille.com\/blog\/wp-content\/uploads\/2021\/06\/solaire_avene_lumiere_bleue-1010x723.jpg 1010w\" sizes=\"auto, (max-width: 2000px) 100vw, 2000px\" \/><\/p>\n","protected":false},"author":3,"featured_media":414504,"comment_status":"open","ping_status":"open","sticky":false,"template":"","format":"standard","meta":{"footnotes":""},"categories":[1489],"tags":[19995,19961],"class_list":["post-414503","post","type-post","status-publish","format-standard","has-post-thumbnail","hentry","category-le-soin","tag-avene","tag-soleil"],"_links":{"self":[{"href":"https:\/\/www.monblogdefille.com\/blog\/wp-json\/wp\/v2\/posts\/414503","targetHints":{"allow":["GET"]}}],"collection":[{"href":"https:\/\/www.monblogdefille.com\/blog\/wp-json\/wp\/v2\/posts"}],"about":[{"href":"https:\/\/www.monblogdefille.com\/blog\/wp-json\/wp\/v2\/types\/post"}],"author":[{"embeddable":true,"href":"https:\/\/www.monblogdefille.com\/blog\/wp-json\/wp\/v2\/users\/3"}],"replies":[{"embeddable":true,"href":"https:\/\/www.monblogdefille.com\/blog\/wp-json\/wp\/v2\/comments?post=414503"}],"version-history":[{"count":0,"href":"https:\/\/www.monblogdefille.com\/blog\/wp-json\/wp\/v2\/posts\/414503\/revisions"}],"wp:featuredmedia":[{"embeddable":true,"href":"https:\/\/www.monblogdefille.com\/blog\/wp-json\/wp\/v2\/media\/414504"}],"wp:attachment":[{"href":"https:\/\/www.monblogdefille.com\/blog\/wp-json\/wp\/v2\/media?parent=414503"}],"wp:term":[{"taxonomy":"category","embeddable":true,"href":"https:\/\/www.monblogdefille.com\/blog\/wp-json\/wp\/v2\/categories?post=414503"},{"taxonomy":"post_tag","embeddable":true,"href":"https:\/\/www.monblogdefille.com\/blog\/wp-json\/wp\/v2\/tags?post=414503"}],"curies":[{"name":"wp","href":"https:\/\/api.w.org\/{rel}","templated":true}]}}