{"id":414131,"date":"2020-11-11T09:00:37","date_gmt":"2020-11-11T08:00:37","guid":{"rendered":"https:\/\/www.monblogdefille.com\/blog\/?p=414131"},"modified":"2020-12-03T15:25:46","modified_gmt":"2020-12-03T14:25:46","slug":"%f0%9f%8c%9cconcours-estee-lauder-sur-instagram-%f0%9f%8c%9b","status":"publish","type":"post","link":"https:\/\/www.monblogdefille.com\/blog\/%f0%9f%8c%9cconcours-estee-lauder-sur-instagram-%f0%9f%8c%9b\/","title":{"rendered":"\ud83c\udf1cConcours Est\u00e9e Lauder sur Instagram ! \ud83c\udf1b"},"content":{"rendered":"<p><img loading=\"lazy\" decoding=\"async\" class=\"aligncenter size-full wp-image-414132\" src=\"https:\/\/www.monblogdefille.com\/blog\/wp-content\/uploads\/2020\/11\/concours-IG-estee-lauder.jpg\" alt=\"\" width=\"2000\" height=\"2000\" srcset=\"https:\/\/www.monblogdefille.com\/blog\/wp-content\/uploads\/2020\/11\/concours-IG-estee-lauder.jpg 2000w, https:\/\/www.monblogdefille.com\/blog\/wp-content\/uploads\/2020\/11\/concours-IG-estee-lauder-300x300.jpg 300w, https:\/\/www.monblogdefille.com\/blog\/wp-content\/uploads\/2020\/11\/concours-IG-estee-lauder-1024x1024.jpg 1024w, https:\/\/www.monblogdefille.com\/blog\/wp-content\/uploads\/2020\/11\/concours-IG-estee-lauder-768x768.jpg 768w, https:\/\/www.monblogdefille.com\/blog\/wp-content\/uploads\/2020\/11\/concours-IG-estee-lauder-1536x1536.jpg 1536w, https:\/\/www.monblogdefille.com\/blog\/wp-content\/uploads\/2020\/11\/concours-IG-estee-lauder-1010x1010.jpg 1010w\" sizes=\"auto, (max-width: 2000px) 100vw, 2000px\" \/><\/p>\n<p>Mes marques pr\u00e9f\u00e9r\u00e9es et moi continuons notre petite mission d\u2019elfes de No\u00ebl.<\/p>\n<p>Je ne sais pas combien de temps \u00e7a va durer, c\u2019est compl\u00e8tement improvis\u00e9, les id\u00e9es me viennent au fur et \u00e0 mesure et je ne voudrais pas que vous soyez d\u00e9\u00e7us quand \u00e7a s\u2019arr\u00eatera\u00a0;-).<\/p>\n<p>Forc\u00e9ment tout d\u2019un coup je me suis dit \u00ab\u00a0mais <strong>Est\u00e9e Lauder<\/strong>, \u00e9videmment\u00a0!!\u00a0\u00bb.<br \/>\nNi une ni deux, j\u2019ai saut\u00e9 sur mon t\u00e9l\u00e9phone pour soumettre l\u2019id\u00e9e \u00e0 l\u2019\u00e9quipe, qui a \u00e9t\u00e9 accept\u00e9e avec autant d\u2019enthousiasme que de rapidit\u00e9 et d\u2019efficacit\u00e9, une fois de plus.<\/p>\n<p>On \u00e9tait tous d\u2019accord sur le fait qu\u2019une routine compl\u00e8te du soir, pour se faire du bien et couper avec la journ\u00e9e, serait id\u00e9ale.<\/p>\n<p>D\u2019o\u00f9 ce tr\u00e8s joli ensemble\u00a0\u00e0 gagner pour l\u2019un(e) d\u2019entre vous :<br \/>\n&#8211; mon <strong>baume d\u00e9maquillant<\/strong> pr\u00e9f\u00e9r\u00e9 (si si il est bien l\u00e0, derri\u00e8re les autres\u00a0;-) (il sent tr\u00e8s l\u00e9g\u00e8rement la lavande, c\u2019est tellement apaisant) (Baume D\u00e9maquillant Advanced Night full size 70 ml),<br \/>\n&#8211; mon <strong>s\u00e9rum<\/strong> bien aim\u00e9 (nouvelle formule, of course\u00a0;-) (Advanced Night Repair \u2013 full size 50 ml),<br \/>\n&#8211; le <strong>contour des yeux<\/strong> qui va avec parce qu\u2019on ne peut pas vivre sans contour des yeux, surtout quand on passe sa vie sur nos \u00e9crans comme en ce moment (Advanced Night Repair Ultra-Concentr\u00e9 contour des yeux \u2013 full size 15 ml),<br \/>\n&#8211; et une tr\u00e8s <strong>belle cr\u00e8me de nuit<\/strong> pile dans l\u2019esprit cocooning\u00a0dont on a besoin en ce moment (Revitalizing Supreme + Nuit \u2013 full size 50 ml).<\/p>\n<p>Une fois de plus ce concours a lieu sur mon compte Instagram, sous <a href=\"https:\/\/www.instagram.com\/p\/CHcV8FPj9ST\/\" target=\"_blank\" rel=\"noopener noreferrer\"><strong>cette photo<\/strong><\/a> (donc \u00e0 nouveau je ferme les commentaires sous cet article de blog pr\u00e9cis pour \u00e9viter toute confusion).<\/p>\n<p>Et c\u2019est ouvert \u00e0\u00a0la France m\u00e9tropolitaine, jusqu\u2019au vendredi 20 novembre \u00e0 20h.<\/p>\n<p>Pour participer vous devez :<br \/>\n1\ufe0f. \u00catre abonn\u00e9(e) au compte d\u2019<a href=\"https:\/\/www.instagram.com\/esteelauder\/\" target=\"_blank\" rel=\"noopener noreferrer\"><strong>Est\u00e9e Lauder <\/strong><\/a><br \/>\n2\ufe0f. \u00catre abonn\u00e9(e) \u00e0 <a href=\"https:\/\/www.instagram.com\/monblogdefille\/\" target=\"_blank\" rel=\"noopener noreferrer\"><strong>mon compte<\/strong>\u00a0<\/a><br \/>\n3\ufe0f. Laisser un commentaire ici disant quel est votre produit Est\u00e9e Lauder pr\u00e9f\u00e9r\u00e9, o\u00f9 vous vivez, et en taguant 2 amis.<\/p>\n<p>\ud83c\udf1cRendez-vous sur Instagram ! \ud83c\udf1b<\/p>\n","protected":false},"excerpt":{"rendered":"<p><img loading=\"lazy\" decoding=\"async\" class=\"aligncenter size-full wp-image-414132\" src=\"https:\/\/www.monblogdefille.com\/blog\/wp-content\/uploads\/2020\/11\/concours-IG-estee-lauder.jpg\" alt=\"\" width=\"2000\" height=\"2000\" srcset=\"https:\/\/www.monblogdefille.com\/blog\/wp-content\/uploads\/2020\/11\/concours-IG-estee-lauder.jpg 2000w, https:\/\/www.monblogdefille.com\/blog\/wp-content\/uploads\/2020\/11\/concours-IG-estee-lauder-300x300.jpg 300w, https:\/\/www.monblogdefille.com\/blog\/wp-content\/uploads\/2020\/11\/concours-IG-estee-lauder-1024x1024.jpg 1024w, https:\/\/www.monblogdefille.com\/blog\/wp-content\/uploads\/2020\/11\/concours-IG-estee-lauder-768x768.jpg 768w, https:\/\/www.monblogdefille.com\/blog\/wp-content\/uploads\/2020\/11\/concours-IG-estee-lauder-1536x1536.jpg 1536w, https:\/\/www.monblogdefille.com\/blog\/wp-content\/uploads\/2020\/11\/concours-IG-estee-lauder-1010x1010.jpg 1010w\" sizes=\"auto, (max-width: 2000px) 100vw, 2000px\" \/><\/p>\n","protected":false},"author":3,"featured_media":414132,"comment_status":"open","ping_status":"open","sticky":false,"template":"","format":"standard","meta":{"footnotes":""},"categories":[14974,1489],"tags":[20082,20196,20131],"class_list":["post-414131","post","type-post","status-publish","format-standard","has-post-thumbnail","hentry","category-bons-plans","category-le-soin","tag-concours","tag-estee-lauder","tag-instagram"],"_links":{"self":[{"href":"https:\/\/www.monblogdefille.com\/blog\/wp-json\/wp\/v2\/posts\/414131","targetHints":{"allow":["GET"]}}],"collection":[{"href":"https:\/\/www.monblogdefille.com\/blog\/wp-json\/wp\/v2\/posts"}],"about":[{"href":"https:\/\/www.monblogdefille.com\/blog\/wp-json\/wp\/v2\/types\/post"}],"author":[{"embeddable":true,"href":"https:\/\/www.monblogdefille.com\/blog\/wp-json\/wp\/v2\/users\/3"}],"replies":[{"embeddable":true,"href":"https:\/\/www.monblogdefille.com\/blog\/wp-json\/wp\/v2\/comments?post=414131"}],"version-history":[{"count":0,"href":"https:\/\/www.monblogdefille.com\/blog\/wp-json\/wp\/v2\/posts\/414131\/revisions"}],"wp:featuredmedia":[{"embeddable":true,"href":"https:\/\/www.monblogdefille.com\/blog\/wp-json\/wp\/v2\/media\/414132"}],"wp:attachment":[{"href":"https:\/\/www.monblogdefille.com\/blog\/wp-json\/wp\/v2\/media?parent=414131"}],"wp:term":[{"taxonomy":"category","embeddable":true,"href":"https:\/\/www.monblogdefille.com\/blog\/wp-json\/wp\/v2\/categories?post=414131"},{"taxonomy":"post_tag","embeddable":true,"href":"https:\/\/www.monblogdefille.com\/blog\/wp-json\/wp\/v2\/tags?post=414131"}],"curies":[{"name":"wp","href":"https:\/\/api.w.org\/{rel}","templated":true}]}}