{"id":41147,"date":"2007-01-25T09:48:58","date_gmt":"2007-01-25T09:48:58","guid":{"rendered":"http:\/\/localhost\/wordpress\/?p=41147"},"modified":"2008-03-29T16:50:53","modified_gmt":"2008-03-29T15:50:53","slug":"enfin-la-pochette-petite-mendigote-pour-mon-blog-de-fille","status":"publish","type":"post","link":"https:\/\/www.monblogdefille.com\/blog\/enfin-la-pochette-petite-mendigote-pour-mon-blog-de-fille\/","title":{"rendered":"Enfin la pochette Petite Mendigote pour mon blog de fille !"},"content":{"rendered":"<p class=\"MsoNormal\"><span style=\"font-size: 10pt; font-family: Arial\"><img decoding=\"async\" src=\"wp-content\/themes\/default\/images\/couleurs.jpg\" align=\"left\" hspace=\"5\" \/>Yes les filles, \u00e7a a pris un peu de temps, mais c\u2019est en cours !<br \/>\nJe suis compl\u00e8tement exalt\u00e9e, je vais avoir une pochette sp\u00e9ciale pour mon blog !<br \/>\nElle sera dans les couleurs de celle de la photo parce que bon, si proches de celles de mon blog, c\u2019est pas possible de les laisser de c\u00f4t\u00e9 (et pis j\u2019adore), avec un message personnalis\u00e9 (oui oui, \u00ab mon blog de fille \u00bb sera mentionn\u00e9 aussi).<br \/>\nC\u2019est l\u00e0 que vous intervenez, parce que j\u2019ai trois id\u00e9es et je voudrais savoir laquelle vous trouvez la plus chouette. Je vous les mets dans mon ordre de pr\u00e9f\u00e9rence :<o><\/o><\/span>\n<\/p>\n<p class=\"MsoNormal\"><span style=\"font-size: 10pt; font-family: Arial\">Diamants et saucisson<o><\/o><\/span><\/p>\n<p class=\"MsoNormal\"><span style=\"font-size: 10pt; font-family: Arial\">Je veux du cachemire !<o><\/o><\/span><\/p>\n<p class=\"MsoNormal\"><span style=\"font-size: 10pt; font-family: Arial\">A bas les r\u00e9gimes !<o><\/o><\/span><\/p>\n<p class=\"MsoNormal\"><span style=\"font-size: 10pt; font-family: Arial\">Ne tra\u00eenons pas, hop, une fois le message choisi il n\u2019y aura plus que six semaines \u00e0 attendre pour les voir en vrai !<br \/>\nBon \u00e9videmment, si vous trouvez toutes les trois messages compl\u00e8tement pourris, on va \u00eatre mal (mais nan, j\u2019en chercherai d\u2019autres ;-)<br \/>\n<\/span>\n<\/p>\n<p class=\"MsoNormal\"><strong>Edit <\/strong>: alors \u00e9videmment j&rsquo;avais oubli\u00e9 les dimensions : la pochette Aude (c&rsquo;est le nom du mod\u00e8le chez Petite Mendigote) fait 17 cm de large pour 11 cm de haut, est en coton doubl\u00e9, et zipp\u00e9e sur le dessus.<\/p>\n<p class=\"MsoNormal\"><strong>Edit de 14h43<\/strong> : et voil\u00e0, une fois de plus j&rsquo;ai mis la charrue avant les boeufs : mon gentil<br \/>\nh\u00e9bergeur, consult\u00e9 \u00e0 l&rsquo;instant, me dit que je ne peux pas vendre de produits sur mon blog, c&rsquo;est pas l\u00e9gal. Nous voil\u00e0 bien, comment contourner ce truc ?<span style=\"font-size: 10pt; font-family: Arial\"><o><\/o><\/span><\/p>\n","protected":false},"excerpt":{"rendered":"<p>Yes les filles, \u00e7a a pris un peu de temps, mais c\u2019est en cours ! Je suis compl\u00e8tement exalt\u00e9e, je vais avoir une pochette sp\u00e9ciale pour mon blog ! Elle sera dans les couleurs de&#8230;<br \/> <a class=\"read-more\" href=\"https:\/\/www.monblogdefille.com\/blog\/enfin-la-pochette-petite-mendigote-pour-mon-blog-de-fille\/\">Lire la suite \u00bb<\/a><\/p>\n","protected":false},"author":3,"featured_media":0,"comment_status":"open","ping_status":"open","sticky":false,"template":"","format":"standard","meta":{"footnotes":""},"categories":[1],"tags":[19966],"class_list":["post-41147","post","type-post","status-publish","format-standard","hentry","category-uncategorized","tag-petite-mendigote"],"_links":{"self":[{"href":"https:\/\/www.monblogdefille.com\/blog\/wp-json\/wp\/v2\/posts\/41147","targetHints":{"allow":["GET"]}}],"collection":[{"href":"https:\/\/www.monblogdefille.com\/blog\/wp-json\/wp\/v2\/posts"}],"about":[{"href":"https:\/\/www.monblogdefille.com\/blog\/wp-json\/wp\/v2\/types\/post"}],"author":[{"embeddable":true,"href":"https:\/\/www.monblogdefille.com\/blog\/wp-json\/wp\/v2\/users\/3"}],"replies":[{"embeddable":true,"href":"https:\/\/www.monblogdefille.com\/blog\/wp-json\/wp\/v2\/comments?post=41147"}],"version-history":[{"count":0,"href":"https:\/\/www.monblogdefille.com\/blog\/wp-json\/wp\/v2\/posts\/41147\/revisions"}],"wp:attachment":[{"href":"https:\/\/www.monblogdefille.com\/blog\/wp-json\/wp\/v2\/media?parent=41147"}],"wp:term":[{"taxonomy":"category","embeddable":true,"href":"https:\/\/www.monblogdefille.com\/blog\/wp-json\/wp\/v2\/categories?post=41147"},{"taxonomy":"post_tag","embeddable":true,"href":"https:\/\/www.monblogdefille.com\/blog\/wp-json\/wp\/v2\/tags?post=41147"}],"curies":[{"name":"wp","href":"https:\/\/api.w.org\/{rel}","templated":true}]}}