{"id":39855,"date":"2006-09-07T08:51:02","date_gmt":"2006-09-07T07:51:02","guid":{"rendered":"http:\/\/localhost\/wordpress\/?p=39855"},"modified":"2011-02-27T01:10:52","modified_gmt":"2011-02-27T00:10:52","slug":"parfum-pour-perlette","status":"publish","type":"post","link":"https:\/\/www.monblogdefille.com\/blog\/parfum-pour-perlette\/","title":{"rendered":"Parfum pour Perlette"},"content":{"rendered":"<p class=\"MsoNormal\"><em><span style=\"font-size: 10pt; font-family: Arial; color: black; font-style: normal\"><img decoding=\"async\" src=\"wp-content\/themes\/default\/images\/wanted3.jpg\" align=\"right\" \/>\u00ab Bonjour !<\/span><\/em><\/p>\n<p class=\"MsoNormal\"><em><span style=\"font-size: 10pt; font-family: Arial; color: black; font-style: normal\">Le 5 f\u00e9vrier c&rsquo;est mon anniversaire, et j&rsquo;ai demand\u00e9 \u00e0 mon ch\u00e9ri qu&rsquo;il m&rsquo;offre un parfum&#8230;<br \/>\nJe cherche quelque chose de frais, plut\u00f4t fleuri et sucr\u00e9, qui tienne bien si possible.<\/span><\/em>\n<\/p>\n<p class=\"MsoNormal\"><em><span style=\"font-size: 10pt; font-family: Arial; color: black; font-style: normal\">Mais voil\u00e0, je ne connais pas bien \u00ab\u00a0l&rsquo;offre\u00a0\u00bb, et chez Sephora ou Marionnaud, non seulement les vendeuses ne connaissent rien \u00e0 part les nouveaut\u00e9s, mais en plus, apr\u00e8s en avoir senti 5 ou 6, j&rsquo;ai le nez tout anesth\u00e9si\u00e9, je ne sens plus rien !<\/span><\/em><\/p>\n<p class=\"MsoNormal\"><em><span style=\"font-size: 10pt; font-family: Arial; color: black; font-style: normal\">Alors je pensais vous demander conseil !<\/span><\/em><\/p>\n<p class=\"MsoNormal\"><em><span style=\"font-size: 10pt; font-family: Arial; color: black; font-style: normal\">Merci !<\/span><\/em><\/p>\n<p class=\"MsoNormal\"><em><span style=\"font-size: 10pt; font-family: Arial; color: black; font-style: normal\">Sign\u00e9 : Perlette \u00bb<\/span><\/em><em><span style=\"font-size: 11pt; font-family: Arial\"><o :p><\/o><\/span><\/em><\/p>\n","protected":false},"excerpt":{"rendered":"<p>\u00ab Bonjour ! Le 5 f\u00e9vrier c&rsquo;est mon anniversaire, et j&rsquo;ai demand\u00e9 \u00e0 mon ch\u00e9ri qu&rsquo;il m&rsquo;offre un parfum&#8230; Je cherche quelque chose de frais, plut\u00f4t fleuri et sucr\u00e9, qui tienne bien si possible. Mais&#8230;<br \/> <a class=\"read-more\" href=\"https:\/\/www.monblogdefille.com\/blog\/parfum-pour-perlette\/\">Lire la suite \u00bb<\/a><\/p>\n","protected":false},"author":3,"featured_media":0,"comment_status":"open","ping_status":"open","sticky":false,"template":"","format":"standard","meta":{"footnotes":""},"categories":[20009,20099,1502],"tags":[20100],"class_list":["post-39855","post","type-post","status-publish","format-standard","hentry","category-beaute","category-parfum","category-wanted","tag-parfum"],"_links":{"self":[{"href":"https:\/\/www.monblogdefille.com\/blog\/wp-json\/wp\/v2\/posts\/39855","targetHints":{"allow":["GET"]}}],"collection":[{"href":"https:\/\/www.monblogdefille.com\/blog\/wp-json\/wp\/v2\/posts"}],"about":[{"href":"https:\/\/www.monblogdefille.com\/blog\/wp-json\/wp\/v2\/types\/post"}],"author":[{"embeddable":true,"href":"https:\/\/www.monblogdefille.com\/blog\/wp-json\/wp\/v2\/users\/3"}],"replies":[{"embeddable":true,"href":"https:\/\/www.monblogdefille.com\/blog\/wp-json\/wp\/v2\/comments?post=39855"}],"version-history":[{"count":0,"href":"https:\/\/www.monblogdefille.com\/blog\/wp-json\/wp\/v2\/posts\/39855\/revisions"}],"wp:attachment":[{"href":"https:\/\/www.monblogdefille.com\/blog\/wp-json\/wp\/v2\/media?parent=39855"}],"wp:term":[{"taxonomy":"category","embeddable":true,"href":"https:\/\/www.monblogdefille.com\/blog\/wp-json\/wp\/v2\/categories?post=39855"},{"taxonomy":"post_tag","embeddable":true,"href":"https:\/\/www.monblogdefille.com\/blog\/wp-json\/wp\/v2\/tags?post=39855"}],"curies":[{"name":"wp","href":"https:\/\/api.w.org\/{rel}","templated":true}]}}