{"id":39854,"date":"2007-01-18T09:22:40","date_gmt":"2007-01-18T09:22:40","guid":{"rendered":"http:\/\/localhost\/wordpress\/?p=39854"},"modified":"2008-03-25T16:22:43","modified_gmt":"2008-03-25T15:22:43","slug":"amour-gloire-et-beaute","status":"publish","type":"post","link":"https:\/\/www.monblogdefille.com\/blog\/amour-gloire-et-beaute\/","title":{"rendered":"Amour, gloire et beaut\u00e9"},"content":{"rendered":"<p class=\"MsoNormal\"><span style=\"font-size: 10pt; font-family: Arial\">Alors l\u00e0 je dois dire que je suis une peu en transe : d\u2019habitude Votre Beaut\u00e9 je le lis avec d\u00e9lectation, d\u00e9j\u00e0 parce qu\u2019il ne sort que tous les deux mois (c\u2019est un scandale, un truc pareil devrait \u00eatre publi\u00e9 tous les 15 jours), et surtout parce qu\u2019il ne parle QUE de beaut\u00e9. Ce qui est un peu ma passion d\u00e9lirante, voyez.<br \/>\nLa politique ext\u00e9rieure de la Bordurie je m\u2019en contrefiche, ce que je veux savoir c\u2019est quels nouveaux produits de maquillage vont sortir au printemps, et quoi faire si j\u2019ai la peau qui tire.<br \/>\nDans VB au moins il n\u2019y a pas une page de perdue.<br \/>\nCe mois-ci (donc f\u00e9vrier, vous suivez ?), en plus de raconter des tas de trucs absolument incontournables sur la peau et les soins, cette merveilleuse publication parle mon blog. Pour en dire m\u00e9ga du bien, en plus.<br \/>\nCa me fait super plaisir parce que c\u2019est toujours d\u00e9licieux de lire des choses comme \u00ab H\u00e9l\u00e8ne est une star du net \u00bb m\u00eame si c\u2019est pas vrai, mais aussi parce que jusqu\u2019ici les magazines f\u00e9minins n\u2019ont pas parl\u00e9 des blogs de fille.<br \/>\nJe trouve qu\u2019il \u00e9tait temps qu\u2019ils s\u2019y mettent, bravo VB d\u2019avoir commenc\u00e9 ;-)<br \/>\n<\/span>\n<\/p>\n<p class=\"MsoNormal\"><span style=\"font-size: 10pt; font-family: Arial\"><img decoding=\"async\" src=\"wp-content\/themes\/default\/images\/vb1.jpg\" \/><o :p><\/o><\/span><\/p>\n","protected":false},"excerpt":{"rendered":"<p>Alors l\u00e0 je dois dire que je suis une peu en transe : d\u2019habitude Votre Beaut\u00e9 je le lis avec d\u00e9lectation, d\u00e9j\u00e0 parce qu\u2019il ne sort que tous les deux mois (c\u2019est un scandale, un&#8230;<br \/> <a class=\"read-more\" href=\"https:\/\/www.monblogdefille.com\/blog\/amour-gloire-et-beaute\/\">Lire la suite \u00bb<\/a><\/p>\n","protected":false},"author":3,"featured_media":0,"comment_status":"open","ping_status":"open","sticky":false,"template":"","format":"standard","meta":{"footnotes":""},"categories":[1504],"tags":[],"class_list":["post-39854","post","type-post","status-publish","format-standard","hentry","category-revue-de-presse"],"_links":{"self":[{"href":"https:\/\/www.monblogdefille.com\/blog\/wp-json\/wp\/v2\/posts\/39854","targetHints":{"allow":["GET"]}}],"collection":[{"href":"https:\/\/www.monblogdefille.com\/blog\/wp-json\/wp\/v2\/posts"}],"about":[{"href":"https:\/\/www.monblogdefille.com\/blog\/wp-json\/wp\/v2\/types\/post"}],"author":[{"embeddable":true,"href":"https:\/\/www.monblogdefille.com\/blog\/wp-json\/wp\/v2\/users\/3"}],"replies":[{"embeddable":true,"href":"https:\/\/www.monblogdefille.com\/blog\/wp-json\/wp\/v2\/comments?post=39854"}],"version-history":[{"count":0,"href":"https:\/\/www.monblogdefille.com\/blog\/wp-json\/wp\/v2\/posts\/39854\/revisions"}],"wp:attachment":[{"href":"https:\/\/www.monblogdefille.com\/blog\/wp-json\/wp\/v2\/media?parent=39854"}],"wp:term":[{"taxonomy":"category","embeddable":true,"href":"https:\/\/www.monblogdefille.com\/blog\/wp-json\/wp\/v2\/categories?post=39854"},{"taxonomy":"post_tag","embeddable":true,"href":"https:\/\/www.monblogdefille.com\/blog\/wp-json\/wp\/v2\/tags?post=39854"}],"curies":[{"name":"wp","href":"https:\/\/api.w.org\/{rel}","templated":true}]}}